{"id":2234,"date":"2021-09-12T13:56:11","date_gmt":"2021-09-12T16:56:11","guid":{"rendered":"https:\/\/coloquioeducon.com\/xv\/?p=2234"},"modified":"2021-09-12T13:56:11","modified_gmt":"2021-09-12T16:56:11","slug":"iramaia-jorge-cabral-de-paulo","status":"publish","type":"post","link":"https:\/\/coloquioeducon.com\/xvii\/2021\/09\/12\/iramaia-jorge-cabral-de-paulo\/","title":{"rendered":"Iramaia Jorge Cabral de Paulo"},"content":{"rendered":"\n<figure class=\"wp-block-pullquote\"><blockquote><p>Iramaia Jorge Cabral de Paulo possui gradua\u00e7\u00e3o em Licenciatura em Ci\u00eancias Naturais com habilita\u00e7\u00e3o em F\u00edsica, Licenciatura em F\u00edsica e Mestrado em Educa\u00e7\u00e3o com \u00eanfase em Ensino de F\u00edsica pela Universidade Federal de Mato Grosso. \u00c9 doutora em Ensino de Ci\u00eancias com \u00eanfase em Ensino de F\u00edsica Contempor\u00e2nea, pela Universidad de Burgos (Espanha). Realizou est\u00e1gio p\u00f3s-doutoral em Modelagem de Sistemas Complexos pela Universit\u00e9 Libre de Bruxelles (B\u00e9lgica). Atualmente, \u00e9 Professora Associada do Instituto de F\u00edsica da UFMT e credenciada no Programa de P\u00f3s-Gradua\u00e7\u00e3o F\u00edsica Ambiental e Mestrado Nacional Profissional em Ensino de F\u00edsica (MNPEF). \u00c9 editora da revista Experi\u00eancias em Ensino de Ci\u00eancias (EENCI), desde 2011. Desde 2014, participa da Comiss\u00e3o de P\u00f3s-Gradua\u00e7\u00e3o (CPG) do Mestrado Nacional Profissional em Ensino de F\u00edsica (MNPEF\/PROFIS), onde atualmente \u00e9 coordenadora da CPG Nacional.<\/p><\/blockquote><\/figure>\n\n\n\n<ul class=\"wp-block-list\"><li>Pa\u00eds: <strong>Brasil<\/strong><\/li><li>Institui\u00e7\u00e3o:<strong> Universidade Federal de Mato Grosso (UFMT)<\/strong><\/li><li>Orcid: <a href=\"https:\/\/orcid.org\/0000-0002-2581-1681\">https:\/\/orcid.org\/0000-0002-2581-1681<\/a><\/li><li>Lattes:<strong> <\/strong><a href=\"http:\/\/lattes.cnpq.br\/4357894521892427\">http:\/\/lattes.cnpq.br\/4357894521892427<\/a><\/li><li>Participa\u00e7\u00e3o:<strong> Conferencista<\/strong><\/li><li>Mesa Redonda Nacional:<strong> <em>\u201cO Mestrado Profissional em Ensino no Brasil: balan\u00e7o e perspectivas.\u201d<\/em><\/strong><\/li><li>Data:<strong> 23\/9\/2021<\/strong><\/li><li>Hor\u00e1rio:<strong> 14h00<\/strong><\/li><\/ul>\n\n\n\n<p><\/p>\n","protected":false},"excerpt":{"rendered":"<p>Iramaia Jorge Cabral de Paulo possui gradua\u00e7\u00e3o em Licenciatura em Ci\u00eancias Naturais com habilita\u00e7\u00e3o em F\u00edsica, Licenciatura em F\u00edsica e [&hellip;]<\/p>\n","protected":false},"author":2,"featured_media":2938,"comment_status":"open","ping_status":"open","sticky":false,"template":"","format":"standard","meta":{"site-sidebar-layout":"default","site-content-layout":"","ast-site-content-layout":"default","site-content-style":"default","site-sidebar-style":"default","ast-global-header-display":"","ast-banner-title-visibility":"","ast-main-header-display":"","ast-hfb-above-header-display":"","ast-hfb-below-header-display":"","ast-hfb-mobile-header-display":"","site-post-title":"","ast-breadcrumbs-content":"","ast-featured-img":"","footer-sml-layout":"","theme-transparent-header-meta":"","adv-header-id-meta":"","stick-header-meta":"","header-above-stick-meta":"","header-main-stick-meta":"","header-below-stick-meta":"","astra-migrate-meta-layouts":"default","ast-page-background-enabled":"default","ast-page-background-meta":{"desktop":{"background-color":"var(--ast-global-color-5)","background-image":"","background-repeat":"repeat","background-position":"center center","background-size":"auto","background-attachment":"scroll","background-type":"","background-media":"","overlay-type":"","overlay-color":"","overlay-opacity":"","overlay-gradient":""},"tablet":{"background-color":"","background-image":"","background-repeat":"repeat","background-position":"center center","background-size":"auto","background-attachment":"scroll","background-type":"","background-media":"","overlay-type":"","overlay-color":"","overlay-opacity":"","overlay-gradient":""},"mobile":{"background-color":"","background-image":"","background-repeat":"repeat","background-position":"center center","background-size":"auto","background-attachment":"scroll","background-type":"","background-media":"","overlay-type":"","overlay-color":"","overlay-opacity":"","overlay-gradient":""}},"ast-content-background-meta":{"desktop":{"background-color":"var(--ast-global-color-4)","background-image":"","background-repeat":"repeat","background-position":"center center","background-size":"auto","background-attachment":"scroll","background-type":"","background-media":"","overlay-type":"","overlay-color":"","overlay-opacity":"","overlay-gradient":""},"tablet":{"background-color":"var(--ast-global-color-4)","background-image":"","background-repeat":"repeat","background-position":"center center","background-size":"auto","background-attachment":"scroll","background-type":"","background-media":"","overlay-type":"","overlay-color":"","overlay-opacity":"","overlay-gradient":""},"mobile":{"background-color":"var(--ast-global-color-4)","background-image":"","background-repeat":"repeat","background-position":"center center","background-size":"auto","background-attachment":"scroll","background-type":"","background-media":"","overlay-type":"","overlay-color":"","overlay-opacity":"","overlay-gradient":""}},"footnotes":""},"categories":[4],"tags":[33,90,119,151,184],"class_list":["post-2234","post","type-post","status-publish","format-standard","has-post-thumbnail","hentry","category-conferencista","tag-23-9-2021-tarde","tag-conferencista-educon2021","tag-educon2021","tag-iramaia-jorge-cabral-de-paulo","tag-mesa-redonda-nacional"],"_links":{"self":[{"href":"https:\/\/coloquioeducon.com\/xvii\/wp-json\/wp\/v2\/posts\/2234","targetHints":{"allow":["GET"]}}],"collection":[{"href":"https:\/\/coloquioeducon.com\/xvii\/wp-json\/wp\/v2\/posts"}],"about":[{"href":"https:\/\/coloquioeducon.com\/xvii\/wp-json\/wp\/v2\/types\/post"}],"author":[{"embeddable":true,"href":"https:\/\/coloquioeducon.com\/xvii\/wp-json\/wp\/v2\/users\/2"}],"replies":[{"embeddable":true,"href":"https:\/\/coloquioeducon.com\/xvii\/wp-json\/wp\/v2\/comments?post=2234"}],"version-history":[{"count":0,"href":"https:\/\/coloquioeducon.com\/xvii\/wp-json\/wp\/v2\/posts\/2234\/revisions"}],"wp:featuredmedia":[{"embeddable":true,"href":"https:\/\/coloquioeducon.com\/xvii\/wp-json\/wp\/v2\/media\/2938"}],"wp:attachment":[{"href":"https:\/\/coloquioeducon.com\/xvii\/wp-json\/wp\/v2\/media?parent=2234"}],"wp:term":[{"taxonomy":"category","embeddable":true,"href":"https:\/\/coloquioeducon.com\/xvii\/wp-json\/wp\/v2\/categories?post=2234"},{"taxonomy":"post_tag","embeddable":true,"href":"https:\/\/coloquioeducon.com\/xvii\/wp-json\/wp\/v2\/tags?post=2234"}],"curies":[{"name":"wp","href":"https:\/\/api.w.org\/{rel}","templated":true}]}}