{"id":2222,"date":"2021-09-12T13:59:48","date_gmt":"2021-09-12T16:59:48","guid":{"rendered":"https:\/\/coloquioeducon.com\/xv\/?p=2222"},"modified":"2021-09-12T13:59:48","modified_gmt":"2021-09-12T16:59:48","slug":"evandro-ghedin","status":"publish","type":"post","link":"https:\/\/coloquioeducon.com\/xvii\/2021\/09\/12\/evandro-ghedin\/","title":{"rendered":"Evandro Ghedin"},"content":{"rendered":"\n<figure class=\"wp-block-pullquote\"><blockquote><p>Professor Titular-Livre da Faculdade de Educa\u00e7\u00e3o da Universidade Federal do Amazonas (UFAM). Possui P\u00f3s-doutorado em Did\u00e1tica pela Faculdade de Educa\u00e7\u00e3o da USP (2010). \u00c9 Doutor em Filosofia da Educa\u00e7\u00e3o pela USP (2004). Mestre em Educa\u00e7\u00e3o pela UFAM (2000). Especialista em Antropologia da Amaz\u00f4nia pela UFAM. Especialista em Filosofia e Exist\u00eancia pela Universidade Cat\u00f3lica de Bras\u00edlia (UCB). Graduado em Filosofia pela UCB (1995). Professor Permanente no PPGECEM &#8211; Rede Amaz\u00f4nica de Educa\u00e7\u00e3o em Ci\u00eancias e Matem\u00e1tica (REAMEC). Professor Permanente no PPGE-UFAM. Professor Permanente no PGEDA &#8211; Doutorado em Educa\u00e7\u00e3o na Amaz\u00f4nia &#8211; EDUCANORTE. Tem experi\u00eancia na \u00e1rea de Educa\u00e7\u00e3o, com \u00eanfase em Educa\u00e7\u00e3o em Ci\u00eancias, atuando principalmente nos seguintes temas: Did\u00e1tica e Forma\u00e7\u00e3o de Professores; Metodologia da Pesquisa em Educa\u00e7\u00e3o; Epistemologia; Educa\u00e7\u00e3o em ci\u00eancias; Filosofia da Educa\u00e7\u00e3o. Atuou na Educa\u00e7\u00e3o B\u00e1sica da Rede P\u00fablica e Privada por 5 anos. \u00c9 professor Universit\u00e1rio desde 1997. \u00c9 autor de diversos livros e artigos cient\u00edficos na \u00e1rea da Educa\u00e7\u00e3o.<\/p><\/blockquote><\/figure>\n\n\n\n<ul class=\"wp-block-list\"><li>Pa\u00eds: <strong>Brasil<\/strong><\/li><li>Institui\u00e7\u00e3o:<strong> Universidade Federal do Amazonas<\/strong><\/li><li>Orcid: <a href=\"https:\/\/orcid.org\/0000-0002-2844-6122\">https:\/\/orcid.org\/0000-0002-2844-6122<\/a><\/li><li>Lattes:<strong> <\/strong><a href=\"http:\/\/lattes.cnpq.br\/587901539847667\">http:\/\/lattes.cnpq.br\/587901539847667<\/a><\/li><li><em>Site<\/em>:<strong> <\/strong><a href=\"https:\/\/evandroghedin.wixsite.com\/website\">https:\/\/evandroghedin.wixsite.com\/website<\/a><\/li><li>Redes sociais:<strong> <\/strong><a href=\"https:\/\/pt-br.facebook.com\/evandro.ghedin.56\">https:\/\/pt-br.facebook.com\/evandro.ghedin.56<\/a><\/li><li>Participa\u00e7\u00e3o:<strong> Conferencista<\/strong><\/li><li>Confer\u00eancia Nacional:<strong> <em>\u201cNeurodid\u00e1tica: teorias e perspectivas.\u201d<\/em><\/strong><\/li><li>Data:<strong> 23\/9\/2021<\/strong><\/li><li>Hor\u00e1rio:<strong> 20h30<\/strong><\/li><\/ul>\n\n\n\n<p><\/p>\n","protected":false},"excerpt":{"rendered":"<p>Professor Titular-Livre da Faculdade de Educa\u00e7\u00e3o da Universidade Federal do Amazonas (UFAM). Possui P\u00f3s-doutorado em Did\u00e1tica pela Faculdade de Educa\u00e7\u00e3o [&hellip;]<\/p>\n","protected":false},"author":2,"featured_media":2929,"comment_status":"open","ping_status":"open","sticky":false,"template":"","format":"standard","meta":{"site-sidebar-layout":"default","site-content-layout":"","ast-site-content-layout":"default","site-content-style":"default","site-sidebar-style":"default","ast-global-header-display":"","ast-banner-title-visibility":"","ast-main-header-display":"","ast-hfb-above-header-display":"","ast-hfb-below-header-display":"","ast-hfb-mobile-header-display":"","site-post-title":"","ast-breadcrumbs-content":"","ast-featured-img":"","footer-sml-layout":"","theme-transparent-header-meta":"","adv-header-id-meta":"","stick-header-meta":"","header-above-stick-meta":"","header-main-stick-meta":"","header-below-stick-meta":"","astra-migrate-meta-layouts":"default","ast-page-background-enabled":"default","ast-page-background-meta":{"desktop":{"background-color":"var(--ast-global-color-5)","background-image":"","background-repeat":"repeat","background-position":"center center","background-size":"auto","background-attachment":"scroll","background-type":"","background-media":"","overlay-type":"","overlay-color":"","overlay-opacity":"","overlay-gradient":""},"tablet":{"background-color":"","background-image":"","background-repeat":"repeat","background-position":"center center","background-size":"auto","background-attachment":"scroll","background-type":"","background-media":"","overlay-type":"","overlay-color":"","overlay-opacity":"","overlay-gradient":""},"mobile":{"background-color":"","background-image":"","background-repeat":"repeat","background-position":"center center","background-size":"auto","background-attachment":"scroll","background-type":"","background-media":"","overlay-type":"","overlay-color":"","overlay-opacity":"","overlay-gradient":""}},"ast-content-background-meta":{"desktop":{"background-color":"var(--ast-global-color-4)","background-image":"","background-repeat":"repeat","background-position":"center center","background-size":"auto","background-attachment":"scroll","background-type":"","background-media":"","overlay-type":"","overlay-color":"","overlay-opacity":"","overlay-gradient":""},"tablet":{"background-color":"var(--ast-global-color-4)","background-image":"","background-repeat":"repeat","background-position":"center center","background-size":"auto","background-attachment":"scroll","background-type":"","background-media":"","overlay-type":"","overlay-color":"","overlay-opacity":"","overlay-gradient":""},"mobile":{"background-color":"var(--ast-global-color-4)","background-image":"","background-repeat":"repeat","background-position":"center center","background-size":"auto","background-attachment":"scroll","background-type":"","background-media":"","overlay-type":"","overlay-color":"","overlay-opacity":"","overlay-gradient":""}},"footnotes":""},"categories":[4],"tags":[28,89,90,119,133],"class_list":["post-2222","post","type-post","status-publish","format-standard","has-post-thumbnail","hentry","category-conferencista","tag-23-09-2021-noite","tag-conferencia-nacional","tag-conferencista-educon2021","tag-educon2021","tag-evandro-ghedin"],"_links":{"self":[{"href":"https:\/\/coloquioeducon.com\/xvii\/wp-json\/wp\/v2\/posts\/2222","targetHints":{"allow":["GET"]}}],"collection":[{"href":"https:\/\/coloquioeducon.com\/xvii\/wp-json\/wp\/v2\/posts"}],"about":[{"href":"https:\/\/coloquioeducon.com\/xvii\/wp-json\/wp\/v2\/types\/post"}],"author":[{"embeddable":true,"href":"https:\/\/coloquioeducon.com\/xvii\/wp-json\/wp\/v2\/users\/2"}],"replies":[{"embeddable":true,"href":"https:\/\/coloquioeducon.com\/xvii\/wp-json\/wp\/v2\/comments?post=2222"}],"version-history":[{"count":0,"href":"https:\/\/coloquioeducon.com\/xvii\/wp-json\/wp\/v2\/posts\/2222\/revisions"}],"wp:featuredmedia":[{"embeddable":true,"href":"https:\/\/coloquioeducon.com\/xvii\/wp-json\/wp\/v2\/media\/2929"}],"wp:attachment":[{"href":"https:\/\/coloquioeducon.com\/xvii\/wp-json\/wp\/v2\/media?parent=2222"}],"wp:term":[{"taxonomy":"category","embeddable":true,"href":"https:\/\/coloquioeducon.com\/xvii\/wp-json\/wp\/v2\/categories?post=2222"},{"taxonomy":"post_tag","embeddable":true,"href":"https:\/\/coloquioeducon.com\/xvii\/wp-json\/wp\/v2\/tags?post=2222"}],"curies":[{"name":"wp","href":"https:\/\/api.w.org\/{rel}","templated":true}]}}