{"id":2220,"date":"2021-09-12T14:00:31","date_gmt":"2021-09-12T17:00:31","guid":{"rendered":"https:\/\/coloquioeducon.com\/xv\/?p=2220"},"modified":"2021-09-12T14:00:31","modified_gmt":"2021-09-12T17:00:31","slug":"elizeu-clementino-de-souza","status":"publish","type":"post","link":"https:\/\/coloquioeducon.com\/xvii\/2021\/09\/12\/elizeu-clementino-de-souza\/","title":{"rendered":"Elizeu Clementino de Souza"},"content":{"rendered":"\n<figure class=\"wp-block-pullquote\"><blockquote><p>Pesquisador 1B CNPq. Professor Titular do PPGEduC\/Universidade do Estado da Bahia (PPGEduC-UNEB). Coordenador do GRAFHO (Grupo de Pesquisa (Auto)biografia, Forma\u00e7\u00e3o e Hist\u00f3ria Oral). Pesquisador associado do Laboratoire EXPERICE (Universit\u00e9 de Paris 13- Paris 8). Tesoureiro da Associa\u00e7\u00e3o Brasileira de Pesquisa (Auto)biogr\u00e1fica (BIOgraph). Membro do Conselho de Administra\u00e7\u00e3o da ASIHIVIF-RBE. Editor da RBE\/ANPEd e RBPAB.<\/p><\/blockquote><\/figure>\n\n\n\n<ul class=\"wp-block-list\"><li>Pa\u00eds: <strong>Brasil<\/strong><\/li><li>Institui\u00e7\u00e3o:<strong> Universidade do Estado da Bahia<\/strong><\/li><li>Orcid: <a href=\"http:\/\/orcid.org\/0000-0002-4145-1460\">http:\/\/orcid.org\/0000-0002-4145-1460<\/a><\/li><li>Lattes:<strong> <\/strong><a href=\"http:\/\/lattes.cnpq.br\/3968241717391173\">http:\/\/lattes.cnpq.br\/3968241717391173<\/a><\/li><li><em>Site<\/em>:<strong> <\/strong><a href=\"http:\/\/www.grafho.uneb.br\/\">http:\/\/www.grafho.uneb.br\/<\/a><\/li><li>Participa\u00e7\u00e3o:<strong> Conferencista<\/strong><\/li><li>Confer\u00eancia Nacional:<strong> <em>\u201cNarrar, resistir e enfrentar: modos outros de dizer sobre a vida-morte.\u201d<\/em><\/strong><\/li><li>Data:<strong> 24\/9\/2021<\/strong><\/li><li>Hor\u00e1rio:<strong> 14h00<\/strong><\/li><\/ul>\n\n\n\n<p><\/p>\n","protected":false},"excerpt":{"rendered":"<p>Pesquisador 1B CNPq. Professor Titular do PPGEduC\/Universidade do Estado da Bahia (PPGEduC-UNEB). Coordenador do GRAFHO (Grupo de Pesquisa (Auto)biografia, Forma\u00e7\u00e3o [&hellip;]<\/p>\n","protected":false},"author":2,"featured_media":3153,"comment_status":"open","ping_status":"open","sticky":false,"template":"","format":"standard","meta":{"site-sidebar-layout":"default","site-content-layout":"","ast-site-content-layout":"default","site-content-style":"default","site-sidebar-style":"default","ast-global-header-display":"","ast-banner-title-visibility":"","ast-main-header-display":"","ast-hfb-above-header-display":"","ast-hfb-below-header-display":"","ast-hfb-mobile-header-display":"","site-post-title":"","ast-breadcrumbs-content":"","ast-featured-img":"","footer-sml-layout":"","theme-transparent-header-meta":"","adv-header-id-meta":"","stick-header-meta":"","header-above-stick-meta":"","header-main-stick-meta":"","header-below-stick-meta":"","astra-migrate-meta-layouts":"default","ast-page-background-enabled":"default","ast-page-background-meta":{"desktop":{"background-color":"var(--ast-global-color-5)","background-image":"","background-repeat":"repeat","background-position":"center center","background-size":"auto","background-attachment":"scroll","background-type":"","background-media":"","overlay-type":"","overlay-color":"","overlay-opacity":"","overlay-gradient":""},"tablet":{"background-color":"","background-image":"","background-repeat":"repeat","background-position":"center center","background-size":"auto","background-attachment":"scroll","background-type":"","background-media":"","overlay-type":"","overlay-color":"","overlay-opacity":"","overlay-gradient":""},"mobile":{"background-color":"","background-image":"","background-repeat":"repeat","background-position":"center center","background-size":"auto","background-attachment":"scroll","background-type":"","background-media":"","overlay-type":"","overlay-color":"","overlay-opacity":"","overlay-gradient":""}},"ast-content-background-meta":{"desktop":{"background-color":"var(--ast-global-color-4)","background-image":"","background-repeat":"repeat","background-position":"center center","background-size":"auto","background-attachment":"scroll","background-type":"","background-media":"","overlay-type":"","overlay-color":"","overlay-opacity":"","overlay-gradient":""},"tablet":{"background-color":"var(--ast-global-color-4)","background-image":"","background-repeat":"repeat","background-position":"center center","background-size":"auto","background-attachment":"scroll","background-type":"","background-media":"","overlay-type":"","overlay-color":"","overlay-opacity":"","overlay-gradient":""},"mobile":{"background-color":"var(--ast-global-color-4)","background-image":"","background-repeat":"repeat","background-position":"center center","background-size":"auto","background-attachment":"scroll","background-type":"","background-media":"","overlay-type":"","overlay-color":"","overlay-opacity":"","overlay-gradient":""}},"footnotes":""},"categories":[4],"tags":[35,89,90,119,124],"class_list":["post-2220","post","type-post","status-publish","format-standard","has-post-thumbnail","hentry","category-conferencista","tag-24-09-2021-tarde","tag-conferencia-nacional","tag-conferencista-educon2021","tag-educon2021","tag-elizeu-clementino-de-souza"],"_links":{"self":[{"href":"https:\/\/coloquioeducon.com\/xvii\/wp-json\/wp\/v2\/posts\/2220","targetHints":{"allow":["GET"]}}],"collection":[{"href":"https:\/\/coloquioeducon.com\/xvii\/wp-json\/wp\/v2\/posts"}],"about":[{"href":"https:\/\/coloquioeducon.com\/xvii\/wp-json\/wp\/v2\/types\/post"}],"author":[{"embeddable":true,"href":"https:\/\/coloquioeducon.com\/xvii\/wp-json\/wp\/v2\/users\/2"}],"replies":[{"embeddable":true,"href":"https:\/\/coloquioeducon.com\/xvii\/wp-json\/wp\/v2\/comments?post=2220"}],"version-history":[{"count":0,"href":"https:\/\/coloquioeducon.com\/xvii\/wp-json\/wp\/v2\/posts\/2220\/revisions"}],"wp:featuredmedia":[{"embeddable":true,"href":"https:\/\/coloquioeducon.com\/xvii\/wp-json\/wp\/v2\/media\/3153"}],"wp:attachment":[{"href":"https:\/\/coloquioeducon.com\/xvii\/wp-json\/wp\/v2\/media?parent=2220"}],"wp:term":[{"taxonomy":"category","embeddable":true,"href":"https:\/\/coloquioeducon.com\/xvii\/wp-json\/wp\/v2\/categories?post=2220"},{"taxonomy":"post_tag","embeddable":true,"href":"https:\/\/coloquioeducon.com\/xvii\/wp-json\/wp\/v2\/tags?post=2220"}],"curies":[{"name":"wp","href":"https:\/\/api.w.org\/{rel}","templated":true}]}}