{"id":2210,"date":"2021-09-12T13:44:16","date_gmt":"2021-09-12T16:44:16","guid":{"rendered":"https:\/\/coloquioeducon.com\/xv\/?p=2210"},"modified":"2021-09-12T13:44:16","modified_gmt":"2021-09-12T16:44:16","slug":"antonio-teodoro","status":"publish","type":"post","link":"https:\/\/coloquioeducon.com\/xvii\/2021\/09\/12\/antonio-teodoro\/","title":{"rendered":"Ant\u00f3nio Teodoro"},"content":{"rendered":"\n<figure class=\"wp-block-pullquote\"><blockquote><p>Professor Catedr\u00e1tico da Universidade Lus\u00f3fona de Humanidades e Tecnologias, em Lisboa, Doutor em Ci\u00eancias da Educa\u00e7\u00e3o pela Universidade Nova de Lisboa. Diretor do Centro de Estudos Interdisciplinares em Educa\u00e7\u00e3o e Desenvolvimento (CeiED), da Universidade Lus\u00f3fona. Vice-Presidente do Comit\u00e9 de Investiga\u00e7\u00e3o de Sociologia da Educa\u00e7\u00e3o (RC04) da Associa\u00e7\u00e3o Internacional de Sociologia, entre 2006 e 2014. Co-fundador do Instituto Paulo Freire, de Portugal, e Coordenador da Rede Ibero-Americana de Investiga\u00e7\u00e3o em Pol\u00edticas de Educa\u00e7\u00e3o (RIAIPE). Fundador e coordenador da Se\u00e7\u00e3o de Educa\u00e7\u00e3o Comparada da Sociedade Portuguesa de Ci\u00eancias de Educa\u00e7\u00e3o (SPCE-SEC). Membro do Comit\u00e9 de \u00c9tica do World Council of Comparative Education Societies (WCCES). Diretor da Revista Lus\u00f3fona de Educa\u00e7\u00e3o e membro do Conselho Editorial de dezenas de revistas em Portugal, Brasil, EUA e Fran\u00e7a.]<\/p><\/blockquote><\/figure>\n\n\n\n<ul class=\"wp-block-list\"><li>Pa\u00eds: <strong>Portugal<\/strong><\/li><li>Institui\u00e7\u00e3o:<strong> Universidade Lus\u00f3fona de Humanidades e Tecnologias<\/strong><\/li><li>Orcid: <a href=\"https:\/\/orcid.org\/0000-0001-7819-0498\">https:\/\/orcid.org\/0000-0001-7819-0498<\/a><\/li><li>Lattes:<strong> <\/strong><a href=\"http:\/\/lattes.cnpq.br\/0869385216446992\">http:\/\/lattes.cnpq.br\/0869385216446992<\/a><\/li><li>Participa\u00e7\u00e3o:<strong> Conferencista<\/strong><\/li><li>Mesa-redonda Internacional:<strong> <em>\u201cEduca\u00e7\u00e3o Profissional e Tecnol\u00f3gica.\u201d<\/em><\/strong><\/li><li>Data:<strong> 23\/09\/2021<\/strong><\/li><li>Hor\u00e1rio:<strong> 10h00<\/strong><\/li><\/ul>\n\n\n\n<p><\/p>\n","protected":false},"excerpt":{"rendered":"<p>Professor Catedr\u00e1tico da Universidade Lus\u00f3fona de Humanidades e Tecnologias, em Lisboa, Doutor em Ci\u00eancias da Educa\u00e7\u00e3o pela Universidade Nova de [&hellip;]<\/p>\n","protected":false},"author":2,"featured_media":3151,"comment_status":"open","ping_status":"open","sticky":false,"template":"","format":"standard","meta":{"site-sidebar-layout":"default","site-content-layout":"","ast-site-content-layout":"default","site-content-style":"default","site-sidebar-style":"default","ast-global-header-display":"","ast-banner-title-visibility":"","ast-main-header-display":"","ast-hfb-above-header-display":"","ast-hfb-below-header-display":"","ast-hfb-mobile-header-display":"","site-post-title":"","ast-breadcrumbs-content":"","ast-featured-img":"","footer-sml-layout":"","theme-transparent-header-meta":"","adv-header-id-meta":"","stick-header-meta":"","header-above-stick-meta":"","header-main-stick-meta":"","header-below-stick-meta":"","astra-migrate-meta-layouts":"default","ast-page-background-enabled":"default","ast-page-background-meta":{"desktop":{"background-color":"var(--ast-global-color-5)","background-image":"","background-repeat":"repeat","background-position":"center center","background-size":"auto","background-attachment":"scroll","background-type":"","background-media":"","overlay-type":"","overlay-color":"","overlay-opacity":"","overlay-gradient":""},"tablet":{"background-color":"","background-image":"","background-repeat":"repeat","background-position":"center center","background-size":"auto","background-attachment":"scroll","background-type":"","background-media":"","overlay-type":"","overlay-color":"","overlay-opacity":"","overlay-gradient":""},"mobile":{"background-color":"","background-image":"","background-repeat":"repeat","background-position":"center center","background-size":"auto","background-attachment":"scroll","background-type":"","background-media":"","overlay-type":"","overlay-color":"","overlay-opacity":"","overlay-gradient":""}},"ast-content-background-meta":{"desktop":{"background-color":"var(--ast-global-color-4)","background-image":"","background-repeat":"repeat","background-position":"center center","background-size":"auto","background-attachment":"scroll","background-type":"","background-media":"","overlay-type":"","overlay-color":"","overlay-opacity":"","overlay-gradient":""},"tablet":{"background-color":"var(--ast-global-color-4)","background-image":"","background-repeat":"repeat","background-position":"center center","background-size":"auto","background-attachment":"scroll","background-type":"","background-media":"","overlay-type":"","overlay-color":"","overlay-opacity":"","overlay-gradient":""},"mobile":{"background-color":"var(--ast-global-color-4)","background-image":"","background-repeat":"repeat","background-position":"center center","background-size":"auto","background-attachment":"scroll","background-type":"","background-media":"","overlay-type":"","overlay-color":"","overlay-opacity":"","overlay-gradient":""}},"footnotes":""},"categories":[4],"tags":[27,63,90,119,183],"class_list":["post-2210","post","type-post","status-publish","format-standard","has-post-thumbnail","hentry","category-conferencista","tag-23-09-2021-manha","tag-antonio-teodoro","tag-conferencista-educon2021","tag-educon2021","tag-mesa-redonda-internacional"],"_links":{"self":[{"href":"https:\/\/coloquioeducon.com\/xvii\/wp-json\/wp\/v2\/posts\/2210","targetHints":{"allow":["GET"]}}],"collection":[{"href":"https:\/\/coloquioeducon.com\/xvii\/wp-json\/wp\/v2\/posts"}],"about":[{"href":"https:\/\/coloquioeducon.com\/xvii\/wp-json\/wp\/v2\/types\/post"}],"author":[{"embeddable":true,"href":"https:\/\/coloquioeducon.com\/xvii\/wp-json\/wp\/v2\/users\/2"}],"replies":[{"embeddable":true,"href":"https:\/\/coloquioeducon.com\/xvii\/wp-json\/wp\/v2\/comments?post=2210"}],"version-history":[{"count":0,"href":"https:\/\/coloquioeducon.com\/xvii\/wp-json\/wp\/v2\/posts\/2210\/revisions"}],"wp:featuredmedia":[{"embeddable":true,"href":"https:\/\/coloquioeducon.com\/xvii\/wp-json\/wp\/v2\/media\/3151"}],"wp:attachment":[{"href":"https:\/\/coloquioeducon.com\/xvii\/wp-json\/wp\/v2\/media?parent=2210"}],"wp:term":[{"taxonomy":"category","embeddable":true,"href":"https:\/\/coloquioeducon.com\/xvii\/wp-json\/wp\/v2\/categories?post=2210"},{"taxonomy":"post_tag","embeddable":true,"href":"https:\/\/coloquioeducon.com\/xvii\/wp-json\/wp\/v2\/tags?post=2210"}],"curies":[{"name":"wp","href":"https:\/\/api.w.org\/{rel}","templated":true}]}}