{"id":1553,"date":"2021-07-28T21:42:08","date_gmt":"2021-07-29T00:42:08","guid":{"rendered":"https:\/\/coloquioeducon.com\/xv\/?p=1553"},"modified":"2021-07-28T21:42:08","modified_gmt":"2021-07-29T00:42:08","slug":"%e2%98%95-cafe-pedagogico-%f0%9f%93%9a-educacao-e-saude","status":"publish","type":"post","link":"https:\/\/coloquioeducon.com\/xvii\/2021\/07\/28\/%e2%98%95-cafe-pedagogico-%f0%9f%93%9a-educacao-e-saude\/","title":{"rendered":"\u2615 Caf\u00e9 Pedag\u00f3gico: Educa\u00e7\u00e3o e Sa\u00fade \u200b\ud83d\udcda"},"content":{"rendered":"\n<figure class=\"wp-block-embed is-type-video is-provider-youtube wp-block-embed-youtube wp-embed-aspect-16-9 wp-has-aspect-ratio\"><div class=\"wp-block-embed__wrapper\">\n<div class=\"ast-oembed-container \" style=\"height: 100%;\"><iframe title=\"\u2615 Caf\u00e9 Pedag\u00f3gico  \ud83d\udcda - &quot;Filosofia da educa\u00e7\u00e3o aplicada nas estrat\u00e9gias de ensino da sa\u00fade.&quot; \u200b\" width=\"500\" height=\"281\" src=\"https:\/\/www.youtube.com\/embed\/Ud04iEfRxUI?feature=oembed\" frameborder=\"0\" allow=\"accelerometer; autoplay; clipboard-write; encrypted-media; gyroscope; picture-in-picture; web-share\" referrerpolicy=\"strict-origin-when-cross-origin\" allowfullscreen><\/iframe><\/div>\n<\/div><\/figure>\n\n\n\n<p><strong><em>&#8220;Filosofia da educa\u00e7\u00e3o aplicada nas estrat\u00e9gias de ensino da sa\u00fade.&#8221;<\/em><\/strong><\/p>\n\n\n\n<p><strong>\ud83d\udcc5 9\/8\/2021 \u00e0s 16h30<\/strong><\/p>\n\n\n\n<p>\ud83c\udf10 Realiza\u00e7\u00e3o:<a href=\"https:\/\/grupoeducon.com\/pesquisa\/\" data-type=\"URL\" data-id=\"https:\/\/grupoeducon.com\/pesquisa\/\"> Grupo de Estudos e Pesquisas \u201cEduca\u00e7\u00e3o e Contemporaneidade\u201d<\/a> (EDUCON\/CNPq\/UFS), liderado pela Prof\u00aa. Dr\u00aa. Veleida Anahi Capua da Silva Charlot (UFS)<\/p>\n\n\n\n<p>\ud83d\udd8b\ufe0f Inscri\u00e7\u00f5es abertas pelo SIGAA: <a rel=\"noreferrer noopener\" href=\"https:\/\/www.sigaa.ufs.br\/sigaa\/public\/extensao\/paginaListaPeriodosInscricoesAtividadesPublico.jsf?aba=p-extensao\" target=\"_blank\">https:\/\/www.sigaa.ufs.br\/sigaa\/public\/extensao\/paginaListaPeriodosInscricoesAtividadesPublico.jsf?aba=p-extensao<\/a><\/p>\n\n\n\n<p>\ud83d\udccc Coordenadora: Profa Dra Rosa Am\u00e9lia Dantas (Dep. de Medicina &#8211; UFS) <\/p>\n\n\n\n<p>\ud83d\udccc Expositor: Dr. Jos\u00e9 Jozefran Berto Freire. P\u00f3s-Doutorando em Psicologia Social\/USP <\/p>\n\n\n\n<p>\ud83d\udccc Debatedora: Dra Viviane Peterle &#8211; Presidente da Comiss\u00e3o Nacional de Resid\u00eancia M\u00e9dica- CNRM\/ MEC <\/p>\n\n\n\n<p>\ud83d\udccc Apresentadores: Prof. Me. Yan Capua Charlot &amp; Prof\u00aa. Dr\u00aa. Alana Vasconcelos <\/p>\n\n\n\n<p>\ud83d\udca1 Fa\u00e7a j\u00e1 sua inscri\u00e7\u00e3o no XV Col\u00f3quio Internacional Educa\u00e7\u00e3o e Contemporaneidade: <a rel=\"noreferrer noopener\" href=\"https:\/\/www.youtube.com\/redirect?event=video_description&amp;redir_token=QUFFLUhqblNhcVl1RENfTU5IV2h5T0FGRWF1Y2dzSExJUXxBQ3Jtc0trTFBPRzJhN0hIMUY2QTZxSkhBNFFuRDRFZGlxamFwU2V4Q0ljbUwwLXN1Z09uMmQxc0JaMTM4cjN3QWh6YVktLWJWRDlNR0RkQjF5akU0eDBwUHpzMDdBQTRRV21mcUhKdHRVcDI3bnZ4UnVQTjMxOA&amp;q=https%3A%2F%2Fwww.coloquioeducon.com\" target=\"_blank\">https:\/\/www.coloquioeducon.com<\/a><\/p>\n\n\n\n<p> \ud83d\udcf1 Siga-nos nas redes sociais: Youtube:<a href=\"https:\/\/www.youtube.com\/coloquioeducon\">https:\/\/www.youtube.com\/coloquioeducon<\/a><\/p>\n\n\n\n<p>Facebook &#8211; <a href=\"https:\/\/www.facebook.com\/educoncnpq\" data-type=\"URL\" data-id=\"https:\/\/www.facebook.com\/educoncnpq\" target=\"_blank\" rel=\"noreferrer noopener\">https:\/\/www.facebook.com\/educoncnpq\/\u200b<\/a> <\/p>\n\n\n\n<p>Instagram &#8211; <a rel=\"noreferrer noopener\" href=\"https:\/\/www.instagram.com\/coloquio.educon\" data-type=\"URL\" data-id=\"https:\/\/www.instagram.com\/coloquio.educon\" target=\"_blank\">https:\/\/www.instagram.com\/coloquio.ed&#8230;<\/a> <\/p>\n\n\n\n<p><\/p>\n\n\n\n<p>\ud83d\udd3a\ud83d\udd39\ud83d\udd3a\ud83d\udd39\ud83d\udd3a\ud83d\udd39\ud83d\udd3a\ud83d\udd39\ud83d\udd3a\ud83d\udd39\ud83d\udd3a\ud83d\udd39\ud83d\udd3a\ud83d\udd39\ud83d\udd3a\ud83d\udd39\ud83d\udd3a\ud83d\udd39\ud83d\udd3a<\/p>\n","protected":false},"excerpt":{"rendered":"<p>&#8220;Filosofia da educa\u00e7\u00e3o aplicada nas estrat\u00e9gias de ensino da sa\u00fade.&#8221; \ud83d\udcc5 9\/8\/2021 \u00e0s 16h30 \ud83c\udf10 Realiza\u00e7\u00e3o: Grupo de Estudos e [&hellip;]<\/p>\n","protected":false},"author":1,"featured_media":0,"comment_status":"open","ping_status":"open","sticky":false,"template":"","format":"standard","meta":{"site-sidebar-layout":"default","site-content-layout":"","ast-site-content-layout":"default","site-content-style":"default","site-sidebar-style":"default","ast-global-header-display":"","ast-banner-title-visibility":"","ast-main-header-display":"","ast-hfb-above-header-display":"","ast-hfb-below-header-display":"","ast-hfb-mobile-header-display":"","site-post-title":"","ast-breadcrumbs-content":"","ast-featured-img":"","footer-sml-layout":"","theme-transparent-header-meta":"","adv-header-id-meta":"","stick-header-meta":"","header-above-stick-meta":"","header-main-stick-meta":"","header-below-stick-meta":"","astra-migrate-meta-layouts":"default","ast-page-background-enabled":"default","ast-page-background-meta":{"desktop":{"background-color":"var(--ast-global-color-5)","background-image":"","background-repeat":"repeat","background-position":"center center","background-size":"auto","background-attachment":"scroll","background-type":"","background-media":"","overlay-type":"","overlay-color":"","overlay-opacity":"","overlay-gradient":""},"tablet":{"background-color":"","background-image":"","background-repeat":"repeat","background-position":"center center","background-size":"auto","background-attachment":"scroll","background-type":"","background-media":"","overlay-type":"","overlay-color":"","overlay-opacity":"","overlay-gradient":""},"mobile":{"background-color":"","background-image":"","background-repeat":"repeat","background-position":"center center","background-size":"auto","background-attachment":"scroll","background-type":"","background-media":"","overlay-type":"","overlay-color":"","overlay-opacity":"","overlay-gradient":""}},"ast-content-background-meta":{"desktop":{"background-color":"var(--ast-global-color-4)","background-image":"","background-repeat":"repeat","background-position":"center center","background-size":"auto","background-attachment":"scroll","background-type":"","background-media":"","overlay-type":"","overlay-color":"","overlay-opacity":"","overlay-gradient":""},"tablet":{"background-color":"var(--ast-global-color-4)","background-image":"","background-repeat":"repeat","background-position":"center center","background-size":"auto","background-attachment":"scroll","background-type":"","background-media":"","overlay-type":"","overlay-color":"","overlay-opacity":"","overlay-gradient":""},"mobile":{"background-color":"var(--ast-global-color-4)","background-image":"","background-repeat":"repeat","background-position":"center center","background-size":"auto","background-attachment":"scroll","background-type":"","background-media":"","overlay-type":"","overlay-color":"","overlay-opacity":"","overlay-gradient":""}},"footnotes":""},"categories":[7],"tags":[18,52,74,203,225],"class_list":["post-1553","post","type-post","status-publish","format-standard","hentry","category-noticia","tag-13-educacao-e-saude","tag-alana-vasconcelos","tag-cafe-pedagogico","tag-rosa-amelia-dantas","tag-yan-capua-charlot"],"_links":{"self":[{"href":"https:\/\/coloquioeducon.com\/xvii\/wp-json\/wp\/v2\/posts\/1553","targetHints":{"allow":["GET"]}}],"collection":[{"href":"https:\/\/coloquioeducon.com\/xvii\/wp-json\/wp\/v2\/posts"}],"about":[{"href":"https:\/\/coloquioeducon.com\/xvii\/wp-json\/wp\/v2\/types\/post"}],"author":[{"embeddable":true,"href":"https:\/\/coloquioeducon.com\/xvii\/wp-json\/wp\/v2\/users\/1"}],"replies":[{"embeddable":true,"href":"https:\/\/coloquioeducon.com\/xvii\/wp-json\/wp\/v2\/comments?post=1553"}],"version-history":[{"count":0,"href":"https:\/\/coloquioeducon.com\/xvii\/wp-json\/wp\/v2\/posts\/1553\/revisions"}],"wp:attachment":[{"href":"https:\/\/coloquioeducon.com\/xvii\/wp-json\/wp\/v2\/media?parent=1553"}],"wp:term":[{"taxonomy":"category","embeddable":true,"href":"https:\/\/coloquioeducon.com\/xvii\/wp-json\/wp\/v2\/categories?post=1553"},{"taxonomy":"post_tag","embeddable":true,"href":"https:\/\/coloquioeducon.com\/xvii\/wp-json\/wp\/v2\/tags?post=1553"}],"curies":[{"name":"wp","href":"https:\/\/api.w.org\/{rel}","templated":true}]}}