{"id":1445,"date":"2021-07-05T11:20:01","date_gmt":"2021-07-05T14:20:01","guid":{"rendered":"https:\/\/coloquioeducon.com\/xv\/?p=1445"},"modified":"2021-07-05T11:20:01","modified_gmt":"2021-07-05T14:20:01","slug":"ana-verena-magalhaes-madeira","status":"publish","type":"post","link":"https:\/\/coloquioeducon.com\/xvii\/2021\/07\/05\/ana-verena-magalhaes-madeira\/","title":{"rendered":"Ana Verena Magalh\u00e3es Madeira"},"content":{"rendered":"\n<figure class=\"wp-block-pullquote\"><blockquote><p>Professora Associada da UFBA onde coordena o Programa de Forma\u00e7\u00e3o Pedag\u00f3gica Docente (ForPed &#8211; Prograd) com as a\u00e7\u00f5es da Assessoria Pedag\u00f3gica e Ateli\u00ea Did\u00e1tico. Atua na gradua\u00e7\u00e3o na \u00e1rea de Ensino de Biologia e coordena o Pibid\/ Biologia. Coordena os Est\u00e1gios de Doc\u00eancia do PPG em Ecologia e integra os grupos de pesquisa &#8220;FORMACCE em Aberto&#8221; e \u201cREDIs\u201d. Atualmente \u00e9 vice-presidente do Conselho Acad\u00eamico de Ensino.<\/p><\/blockquote><\/figure>\n\n\n\n<ul class=\"wp-block-list\"><li>Pa\u00eds: <strong>Brasil<\/strong><\/li><li>Institui\u00e7\u00e3o:<strong> Universidade Federal da Bahia<\/strong><\/li><li>Orcid: <a href=\"https:\/\/orcid.org\/0000-0003-0215-6415\">https:\/\/orcid.org\/0000-0003-0215-6415<\/a><\/li><li>Lattes:<strong> <\/strong><a href=\"http:\/\/lattes.cnpq.br\/6570020457358109\">http:\/\/lattes.cnpq.br\/6570020457358109<\/a><\/li><li>Participa\u00e7\u00e3o:<strong> Conferencista<\/strong><\/li><li>Mesa Redonda Nacional:<strong> <em>\u201cEduca\u00e7\u00e3o Superior, Assessoria Pedag\u00f3gica Digital e Inova\u00e7\u00e3o.\u201d<\/em><\/strong><\/li><li>Data:<strong> 23\/09\/2021<\/strong><\/li><li>Hor\u00e1rio:<strong> 15h30<\/strong><\/li><\/ul>\n","protected":false},"excerpt":{"rendered":"<p>Professora Associada da UFBA onde coordena o Programa de Forma\u00e7\u00e3o Pedag\u00f3gica Docente (ForPed &#8211; Prograd) com as a\u00e7\u00f5es da Assessoria [&hellip;]<\/p>\n","protected":false},"author":2,"featured_media":1446,"comment_status":"open","ping_status":"open","sticky":false,"template":"","format":"standard","meta":{"site-sidebar-layout":"default","site-content-layout":"","ast-site-content-layout":"default","site-content-style":"default","site-sidebar-style":"default","ast-global-header-display":"","ast-banner-title-visibility":"","ast-main-header-display":"","ast-hfb-above-header-display":"","ast-hfb-below-header-display":"","ast-hfb-mobile-header-display":"","site-post-title":"","ast-breadcrumbs-content":"","ast-featured-img":"","footer-sml-layout":"","theme-transparent-header-meta":"","adv-header-id-meta":"","stick-header-meta":"","header-above-stick-meta":"","header-main-stick-meta":"","header-below-stick-meta":"","astra-migrate-meta-layouts":"default","ast-page-background-enabled":"default","ast-page-background-meta":{"desktop":{"background-color":"var(--ast-global-color-5)","background-image":"","background-repeat":"repeat","background-position":"center center","background-size":"auto","background-attachment":"scroll","background-type":"","background-media":"","overlay-type":"","overlay-color":"","overlay-opacity":"","overlay-gradient":""},"tablet":{"background-color":"","background-image":"","background-repeat":"repeat","background-position":"center center","background-size":"auto","background-attachment":"scroll","background-type":"","background-media":"","overlay-type":"","overlay-color":"","overlay-opacity":"","overlay-gradient":""},"mobile":{"background-color":"","background-image":"","background-repeat":"repeat","background-position":"center center","background-size":"auto","background-attachment":"scroll","background-type":"","background-media":"","overlay-type":"","overlay-color":"","overlay-opacity":"","overlay-gradient":""}},"ast-content-background-meta":{"desktop":{"background-color":"var(--ast-global-color-4)","background-image":"","background-repeat":"repeat","background-position":"center center","background-size":"auto","background-attachment":"scroll","background-type":"","background-media":"","overlay-type":"","overlay-color":"","overlay-opacity":"","overlay-gradient":""},"tablet":{"background-color":"var(--ast-global-color-4)","background-image":"","background-repeat":"repeat","background-position":"center center","background-size":"auto","background-attachment":"scroll","background-type":"","background-media":"","overlay-type":"","overlay-color":"","overlay-opacity":"","overlay-gradient":""},"mobile":{"background-color":"var(--ast-global-color-4)","background-image":"","background-repeat":"repeat","background-position":"center center","background-size":"auto","background-attachment":"scroll","background-type":"","background-media":"","overlay-type":"","overlay-color":"","overlay-opacity":"","overlay-gradient":""}},"footnotes":""},"categories":[4],"tags":[33,60,90,119,184],"class_list":["post-1445","post","type-post","status-publish","format-standard","has-post-thumbnail","hentry","category-conferencista","tag-23-9-2021-tarde","tag-ana-verena-magalhaes-madeira","tag-conferencista-educon2021","tag-educon2021","tag-mesa-redonda-nacional"],"_links":{"self":[{"href":"https:\/\/coloquioeducon.com\/xvii\/wp-json\/wp\/v2\/posts\/1445","targetHints":{"allow":["GET"]}}],"collection":[{"href":"https:\/\/coloquioeducon.com\/xvii\/wp-json\/wp\/v2\/posts"}],"about":[{"href":"https:\/\/coloquioeducon.com\/xvii\/wp-json\/wp\/v2\/types\/post"}],"author":[{"embeddable":true,"href":"https:\/\/coloquioeducon.com\/xvii\/wp-json\/wp\/v2\/users\/2"}],"replies":[{"embeddable":true,"href":"https:\/\/coloquioeducon.com\/xvii\/wp-json\/wp\/v2\/comments?post=1445"}],"version-history":[{"count":0,"href":"https:\/\/coloquioeducon.com\/xvii\/wp-json\/wp\/v2\/posts\/1445\/revisions"}],"wp:featuredmedia":[{"embeddable":true,"href":"https:\/\/coloquioeducon.com\/xvii\/wp-json\/wp\/v2\/media\/1446"}],"wp:attachment":[{"href":"https:\/\/coloquioeducon.com\/xvii\/wp-json\/wp\/v2\/media?parent=1445"}],"wp:term":[{"taxonomy":"category","embeddable":true,"href":"https:\/\/coloquioeducon.com\/xvii\/wp-json\/wp\/v2\/categories?post=1445"},{"taxonomy":"post_tag","embeddable":true,"href":"https:\/\/coloquioeducon.com\/xvii\/wp-json\/wp\/v2\/tags?post=1445"}],"curies":[{"name":"wp","href":"https:\/\/api.w.org\/{rel}","templated":true}]}}