{"id":1436,"date":"2021-07-05T09:10:13","date_gmt":"2021-07-05T12:10:13","guid":{"rendered":"https:\/\/coloquioeducon.com\/xv\/?p=1436"},"modified":"2021-07-05T09:10:13","modified_gmt":"2021-07-05T12:10:13","slug":"jose-genivaldo-martires","status":"publish","type":"post","link":"https:\/\/coloquioeducon.com\/xvii\/2021\/07\/05\/jose-genivaldo-martires\/","title":{"rendered":"Jos\u00e9 Genivaldo Martires"},"content":{"rendered":"\n<figure class=\"wp-block-pullquote\"><blockquote><p>Doutor em Educa\u00e7\u00e3o pela Universidade Federal de Sergipe (2020), Mestrado em Educa\u00e7\u00e3o pela Universidade Federal de Sergipe (2016) e Gradua\u00e7\u00e3o em LICENCIATURA PLENA EM HIST\u00d3RIA pela Universidade Federal de Sergipe (1992), . Atualmente \u00e9 prof. do ensino b\u00e1sico tec. tecnol\u00f3gico do Col\u00e9gio de Aplica\u00e7\u00e3o da Universidade Federal de Sergipe. membro do grupo de pesquisa GEPHED: GRUPO DE ESTUDOS E PESQUISAS EM HIST\u00d3RIA DA EDUCA\u00c7\u00c3O: Mem\u00f3rias, sujeitos, saberes e pr\u00e1ticas educativas (Gephed\/Cnpq\/UFS) Tem experi\u00eancia na \u00e1rea de Hist\u00f3ria, com \u00eanfase em Hist\u00f3ria, atuando principalmente nos seguintes temas: Intelectuais, Hist\u00f3ria da Mulher, Institui\u00e7\u00f5es Escolares, Ensino de Hist\u00f3ria<\/p><\/blockquote><\/figure>\n\n\n\n<ul class=\"wp-block-list\"><li>Pa\u00eds: <strong>Brasil<\/strong><\/li><li>Institui\u00e7\u00e3o:<strong> Universidade Federal de Sergipe<\/strong><\/li><li>Orcid: <a href=\"https:\/\/orcid.org\/0000-0002-7981-778X\">https:\/\/orcid.org\/0000-0002-7981-778X<\/a><\/li><li>Lattes:<strong> <\/strong><a href=\"http:\/\/lattes.cnpq.br\/7556932948020914\">http:\/\/lattes.cnpq.br\/7556932948020914<\/a><\/li><li>Participa\u00e7\u00e3o:<strong> Conferencista<\/strong><\/li><li>Mesa Redonda Nacional:<strong> <em>\u201cProfessoras intelectuais, cultura e educa\u00e7\u00e3o no Brasil.\u201d<\/em><\/strong><\/li><li>Data:<strong> 22\/09\/2021<\/strong><\/li><li>Hor\u00e1rio:<strong> 19h00<\/strong><\/li><\/ul>\n","protected":false},"excerpt":{"rendered":"<p>Doutor em Educa\u00e7\u00e3o pela Universidade Federal de Sergipe (2020), Mestrado em Educa\u00e7\u00e3o pela Universidade Federal de Sergipe (2016) e Gradua\u00e7\u00e3o [&hellip;]<\/p>\n","protected":false},"author":2,"featured_media":1437,"comment_status":"open","ping_status":"open","sticky":false,"template":"","format":"standard","meta":{"site-sidebar-layout":"default","site-content-layout":"","ast-site-content-layout":"default","site-content-style":"default","site-sidebar-style":"default","ast-global-header-display":"","ast-banner-title-visibility":"","ast-main-header-display":"","ast-hfb-above-header-display":"","ast-hfb-below-header-display":"","ast-hfb-mobile-header-display":"","site-post-title":"","ast-breadcrumbs-content":"","ast-featured-img":"","footer-sml-layout":"","theme-transparent-header-meta":"","adv-header-id-meta":"","stick-header-meta":"","header-above-stick-meta":"","header-main-stick-meta":"","header-below-stick-meta":"","astra-migrate-meta-layouts":"default","ast-page-background-enabled":"default","ast-page-background-meta":{"desktop":{"background-color":"var(--ast-global-color-5)","background-image":"","background-repeat":"repeat","background-position":"center center","background-size":"auto","background-attachment":"scroll","background-type":"","background-media":"","overlay-type":"","overlay-color":"","overlay-opacity":"","overlay-gradient":""},"tablet":{"background-color":"","background-image":"","background-repeat":"repeat","background-position":"center center","background-size":"auto","background-attachment":"scroll","background-type":"","background-media":"","overlay-type":"","overlay-color":"","overlay-opacity":"","overlay-gradient":""},"mobile":{"background-color":"","background-image":"","background-repeat":"repeat","background-position":"center center","background-size":"auto","background-attachment":"scroll","background-type":"","background-media":"","overlay-type":"","overlay-color":"","overlay-opacity":"","overlay-gradient":""}},"ast-content-background-meta":{"desktop":{"background-color":"var(--ast-global-color-4)","background-image":"","background-repeat":"repeat","background-position":"center center","background-size":"auto","background-attachment":"scroll","background-type":"","background-media":"","overlay-type":"","overlay-color":"","overlay-opacity":"","overlay-gradient":""},"tablet":{"background-color":"var(--ast-global-color-4)","background-image":"","background-repeat":"repeat","background-position":"center center","background-size":"auto","background-attachment":"scroll","background-type":"","background-media":"","overlay-type":"","overlay-color":"","overlay-opacity":"","overlay-gradient":""},"mobile":{"background-color":"var(--ast-global-color-4)","background-image":"","background-repeat":"repeat","background-position":"center center","background-size":"auto","background-attachment":"scroll","background-type":"","background-media":"","overlay-type":"","overlay-color":"","overlay-opacity":"","overlay-gradient":""}},"footnotes":""},"categories":[4],"tags":[22,90,119,154,184],"class_list":["post-1436","post","type-post","status-publish","format-standard","has-post-thumbnail","hentry","category-conferencista","tag-22-09-2021-noite","tag-conferencista-educon2021","tag-educon2021","tag-jose-genivaldo-martires","tag-mesa-redonda-nacional"],"_links":{"self":[{"href":"https:\/\/coloquioeducon.com\/xvii\/wp-json\/wp\/v2\/posts\/1436","targetHints":{"allow":["GET"]}}],"collection":[{"href":"https:\/\/coloquioeducon.com\/xvii\/wp-json\/wp\/v2\/posts"}],"about":[{"href":"https:\/\/coloquioeducon.com\/xvii\/wp-json\/wp\/v2\/types\/post"}],"author":[{"embeddable":true,"href":"https:\/\/coloquioeducon.com\/xvii\/wp-json\/wp\/v2\/users\/2"}],"replies":[{"embeddable":true,"href":"https:\/\/coloquioeducon.com\/xvii\/wp-json\/wp\/v2\/comments?post=1436"}],"version-history":[{"count":0,"href":"https:\/\/coloquioeducon.com\/xvii\/wp-json\/wp\/v2\/posts\/1436\/revisions"}],"wp:featuredmedia":[{"embeddable":true,"href":"https:\/\/coloquioeducon.com\/xvii\/wp-json\/wp\/v2\/media\/1437"}],"wp:attachment":[{"href":"https:\/\/coloquioeducon.com\/xvii\/wp-json\/wp\/v2\/media?parent=1436"}],"wp:term":[{"taxonomy":"category","embeddable":true,"href":"https:\/\/coloquioeducon.com\/xvii\/wp-json\/wp\/v2\/categories?post=1436"},{"taxonomy":"post_tag","embeddable":true,"href":"https:\/\/coloquioeducon.com\/xvii\/wp-json\/wp\/v2\/tags?post=1436"}],"curies":[{"name":"wp","href":"https:\/\/api.w.org\/{rel}","templated":true}]}}