{"id":1430,"date":"2021-07-03T15:51:56","date_gmt":"2021-07-03T18:51:56","guid":{"rendered":"https:\/\/coloquioeducon.com\/xv\/?p=1430"},"modified":"2021-07-03T15:51:56","modified_gmt":"2021-07-03T18:51:56","slug":"laise-isabela-de-almeida","status":"publish","type":"post","link":"https:\/\/coloquioeducon.com\/xvii\/2021\/07\/03\/laise-isabela-de-almeida\/","title":{"rendered":"LAISE ISABELA DE ALMEIDA"},"content":{"rendered":"\n<figure class=\"wp-block-pullquote\"><blockquote><p>Pedagoga do Instituto de Ci\u00eancia, Tecnologia e Inova\u00e7\u00e3o &#8211; ICTI\/UFBA &#8211; Campus Cama\u00e7ari. Mestranda em Estudos Interdisciplinares sobre a Universidade (2020-atual). Especialista em Educa\u00e7\u00e3o a dist\u00e2ncia pela Universidade do Estado da Bahia (2019). Graduada em Pedagogia pela Universidade do Estado da Bahia (2016). Atua como assessora pedag\u00f3gica na Assessoria Pedag\u00f3gica ao Docente UFBA (APDU).<\/p><\/blockquote><\/figure>\n\n\n\n<ul class=\"wp-block-list\"><li>Pa\u00eds: <strong>Brasil<\/strong><\/li><li>Institui\u00e7\u00e3o:<strong> Universidade Federal da Bahia<\/strong><\/li><li>Lattes:<strong> <\/strong><a href=\"http:\/\/lattes.cnpq.br\/0621149336399192\">http:\/\/lattes.cnpq.br\/0621149336399192<\/a><\/li><li>Participa\u00e7\u00e3o:<strong> Conferencista<\/strong><\/li><li>Mesa Redonda Nacional:<strong> <em>\u201cEduca\u00e7\u00e3o Superior, assessoria pedag\u00f3gica Digital e Inova\u00e7\u00e3o.\u201d<\/em><\/strong><\/li><li>Data:<strong> 23\/09\/2021<\/strong><\/li><li>Hor\u00e1rio:<strong> 15h30<\/strong><\/li><\/ul>\n","protected":false},"excerpt":{"rendered":"<p>Pedagoga do Instituto de Ci\u00eancia, Tecnologia e Inova\u00e7\u00e3o &#8211; ICTI\/UFBA &#8211; Campus Cama\u00e7ari. Mestranda em Estudos Interdisciplinares sobre a Universidade [&hellip;]<\/p>\n","protected":false},"author":2,"featured_media":1431,"comment_status":"open","ping_status":"open","sticky":false,"template":"","format":"standard","meta":{"site-sidebar-layout":"default","site-content-layout":"","ast-site-content-layout":"default","site-content-style":"default","site-sidebar-style":"default","ast-global-header-display":"","ast-banner-title-visibility":"","ast-main-header-display":"","ast-hfb-above-header-display":"","ast-hfb-below-header-display":"","ast-hfb-mobile-header-display":"","site-post-title":"","ast-breadcrumbs-content":"","ast-featured-img":"","footer-sml-layout":"","theme-transparent-header-meta":"","adv-header-id-meta":"","stick-header-meta":"","header-above-stick-meta":"","header-main-stick-meta":"","header-below-stick-meta":"","astra-migrate-meta-layouts":"default","ast-page-background-enabled":"default","ast-page-background-meta":{"desktop":{"background-color":"var(--ast-global-color-5)","background-image":"","background-repeat":"repeat","background-position":"center center","background-size":"auto","background-attachment":"scroll","background-type":"","background-media":"","overlay-type":"","overlay-color":"","overlay-opacity":"","overlay-gradient":""},"tablet":{"background-color":"","background-image":"","background-repeat":"repeat","background-position":"center center","background-size":"auto","background-attachment":"scroll","background-type":"","background-media":"","overlay-type":"","overlay-color":"","overlay-opacity":"","overlay-gradient":""},"mobile":{"background-color":"","background-image":"","background-repeat":"repeat","background-position":"center center","background-size":"auto","background-attachment":"scroll","background-type":"","background-media":"","overlay-type":"","overlay-color":"","overlay-opacity":"","overlay-gradient":""}},"ast-content-background-meta":{"desktop":{"background-color":"var(--ast-global-color-4)","background-image":"","background-repeat":"repeat","background-position":"center center","background-size":"auto","background-attachment":"scroll","background-type":"","background-media":"","overlay-type":"","overlay-color":"","overlay-opacity":"","overlay-gradient":""},"tablet":{"background-color":"var(--ast-global-color-4)","background-image":"","background-repeat":"repeat","background-position":"center center","background-size":"auto","background-attachment":"scroll","background-type":"","background-media":"","overlay-type":"","overlay-color":"","overlay-opacity":"","overlay-gradient":""},"mobile":{"background-color":"var(--ast-global-color-4)","background-image":"","background-repeat":"repeat","background-position":"center center","background-size":"auto","background-attachment":"scroll","background-type":"","background-media":"","overlay-type":"","overlay-color":"","overlay-opacity":"","overlay-gradient":""}},"footnotes":""},"categories":[4],"tags":[29,90,119,157,184],"class_list":["post-1430","post","type-post","status-publish","format-standard","has-post-thumbnail","hentry","category-conferencista","tag-23-09-2021-tarde","tag-conferencista-educon2021","tag-educon2021","tag-laise-isabela-de-almeida","tag-mesa-redonda-nacional"],"_links":{"self":[{"href":"https:\/\/coloquioeducon.com\/xvii\/wp-json\/wp\/v2\/posts\/1430","targetHints":{"allow":["GET"]}}],"collection":[{"href":"https:\/\/coloquioeducon.com\/xvii\/wp-json\/wp\/v2\/posts"}],"about":[{"href":"https:\/\/coloquioeducon.com\/xvii\/wp-json\/wp\/v2\/types\/post"}],"author":[{"embeddable":true,"href":"https:\/\/coloquioeducon.com\/xvii\/wp-json\/wp\/v2\/users\/2"}],"replies":[{"embeddable":true,"href":"https:\/\/coloquioeducon.com\/xvii\/wp-json\/wp\/v2\/comments?post=1430"}],"version-history":[{"count":0,"href":"https:\/\/coloquioeducon.com\/xvii\/wp-json\/wp\/v2\/posts\/1430\/revisions"}],"wp:featuredmedia":[{"embeddable":true,"href":"https:\/\/coloquioeducon.com\/xvii\/wp-json\/wp\/v2\/media\/1431"}],"wp:attachment":[{"href":"https:\/\/coloquioeducon.com\/xvii\/wp-json\/wp\/v2\/media?parent=1430"}],"wp:term":[{"taxonomy":"category","embeddable":true,"href":"https:\/\/coloquioeducon.com\/xvii\/wp-json\/wp\/v2\/categories?post=1430"},{"taxonomy":"post_tag","embeddable":true,"href":"https:\/\/coloquioeducon.com\/xvii\/wp-json\/wp\/v2\/tags?post=1430"}],"curies":[{"name":"wp","href":"https:\/\/api.w.org\/{rel}","templated":true}]}}