{"id":1426,"date":"2021-07-03T15:41:59","date_gmt":"2021-07-03T18:41:59","guid":{"rendered":"https:\/\/coloquioeducon.com\/xv\/?p=1426"},"modified":"2021-07-03T15:41:59","modified_gmt":"2021-07-03T18:41:59","slug":"joaquim-tavares-da-conceicao","status":"publish","type":"post","link":"https:\/\/coloquioeducon.com\/xvii\/2021\/07\/03\/joaquim-tavares-da-conceicao\/","title":{"rendered":"Joaquim Tavares da Concei\u00e7\u00e3o"},"content":{"rendered":"\n<figure class=\"wp-block-pullquote\"><blockquote><p>Doutor em Hist\u00f3ria pela Universidade Federal da Bahia, Mestre em Educa\u00e7\u00e3o e Graduado em Hist\u00f3ria pela Universidade Federal de Sergipe. Professor titular da UFS com atua\u00e7\u00e3o no Col\u00e9gio de Aplica\u00e7\u00e3o, no Programa de P\u00f3s-Gradua\u00e7\u00e3o em Educa\u00e7\u00e3o e no Programa de Mestrado Profissional em Ensino de Hist\u00f3ria. L\u00edder do GRUPO DE ESTUDOS E PESQUISAS EM HIST\u00d3RIA DA EDUCA\u00c7\u00c3O (GEPHED\/CNPq\/UFS). Coordenador do Centro de Pesquisa Documenta\u00e7\u00e3o e Mem\u00f3ria do Col\u00e9gio de Aplica\u00e7\u00e3o (UFS).<\/p><\/blockquote><\/figure>\n\n\n\n<ul class=\"wp-block-list\"><li>Pa\u00eds: <strong>Brasil<\/strong><\/li><li>Institui\u00e7\u00e3o:<strong> Universidade Federal de Sergipe<\/strong><\/li><li>Orcid: <a href=\"https:\/\/orcid.org\/0000-0002-8826-8137\">https:\/\/orcid.org\/0000-0002-8826-8137<\/a><\/li><li>Lattes:<strong> <\/strong><a href=\"http:\/\/lattes.cnpq.br\/6407061514040419\">http:\/\/lattes.cnpq.br\/6407061514040419<\/a><\/li><li>Redes sociais:<strong> https:\/\/www.facebook.com\/profile.php?id=100017714324147 @gephed.ufs @cemdap.codap.ufs<\/strong><\/li><li>Participa\u00e7\u00e3o:<strong> Coordenador<\/strong><\/li><li>Mesa Redonda Nacional:<strong> <em>\u201cProfessoras intelectuais, cultura e educa\u00e7\u00e3o no Brasil.\u201d<\/em><\/strong><\/li><li>Data:<strong> 22\/09\/2021<\/strong><\/li><li>Hor\u00e1rio:<strong> 19h00<\/strong><\/li><\/ul>\n","protected":false},"excerpt":{"rendered":"<p>Doutor em Hist\u00f3ria pela Universidade Federal da Bahia, Mestre em Educa\u00e7\u00e3o e Graduado em Hist\u00f3ria pela Universidade Federal de Sergipe. [&hellip;]<\/p>\n","protected":false},"author":2,"featured_media":1427,"comment_status":"open","ping_status":"open","sticky":false,"template":"","format":"standard","meta":{"site-sidebar-layout":"default","site-content-layout":"","ast-site-content-layout":"default","site-content-style":"default","site-sidebar-style":"default","ast-global-header-display":"","ast-banner-title-visibility":"","ast-main-header-display":"","ast-hfb-above-header-display":"","ast-hfb-below-header-display":"","ast-hfb-mobile-header-display":"","site-post-title":"","ast-breadcrumbs-content":"","ast-featured-img":"","footer-sml-layout":"","theme-transparent-header-meta":"","adv-header-id-meta":"","stick-header-meta":"","header-above-stick-meta":"","header-main-stick-meta":"","header-below-stick-meta":"","astra-migrate-meta-layouts":"default","ast-page-background-enabled":"default","ast-page-background-meta":{"desktop":{"background-color":"var(--ast-global-color-5)","background-image":"","background-repeat":"repeat","background-position":"center center","background-size":"auto","background-attachment":"scroll","background-type":"","background-media":"","overlay-type":"","overlay-color":"","overlay-opacity":"","overlay-gradient":""},"tablet":{"background-color":"","background-image":"","background-repeat":"repeat","background-position":"center center","background-size":"auto","background-attachment":"scroll","background-type":"","background-media":"","overlay-type":"","overlay-color":"","overlay-opacity":"","overlay-gradient":""},"mobile":{"background-color":"","background-image":"","background-repeat":"repeat","background-position":"center center","background-size":"auto","background-attachment":"scroll","background-type":"","background-media":"","overlay-type":"","overlay-color":"","overlay-opacity":"","overlay-gradient":""}},"ast-content-background-meta":{"desktop":{"background-color":"var(--ast-global-color-4)","background-image":"","background-repeat":"repeat","background-position":"center center","background-size":"auto","background-attachment":"scroll","background-type":"","background-media":"","overlay-type":"","overlay-color":"","overlay-opacity":"","overlay-gradient":""},"tablet":{"background-color":"var(--ast-global-color-4)","background-image":"","background-repeat":"repeat","background-position":"center center","background-size":"auto","background-attachment":"scroll","background-type":"","background-media":"","overlay-type":"","overlay-color":"","overlay-opacity":"","overlay-gradient":""},"mobile":{"background-color":"var(--ast-global-color-4)","background-image":"","background-repeat":"repeat","background-position":"center center","background-size":"auto","background-attachment":"scroll","background-type":"","background-media":"","overlay-type":"","overlay-color":"","overlay-opacity":"","overlay-gradient":""}},"footnotes":""},"categories":[5],"tags":[22,94,119,152,184],"class_list":["post-1426","post","type-post","status-publish","format-standard","has-post-thumbnail","hentry","category-coordenadores-de-mesas","tag-22-09-2021-noite","tag-coordenadores-mesas-educon2021","tag-educon2021","tag-joaquim-tavares-da-conceicao","tag-mesa-redonda-nacional"],"_links":{"self":[{"href":"https:\/\/coloquioeducon.com\/xvii\/wp-json\/wp\/v2\/posts\/1426","targetHints":{"allow":["GET"]}}],"collection":[{"href":"https:\/\/coloquioeducon.com\/xvii\/wp-json\/wp\/v2\/posts"}],"about":[{"href":"https:\/\/coloquioeducon.com\/xvii\/wp-json\/wp\/v2\/types\/post"}],"author":[{"embeddable":true,"href":"https:\/\/coloquioeducon.com\/xvii\/wp-json\/wp\/v2\/users\/2"}],"replies":[{"embeddable":true,"href":"https:\/\/coloquioeducon.com\/xvii\/wp-json\/wp\/v2\/comments?post=1426"}],"version-history":[{"count":0,"href":"https:\/\/coloquioeducon.com\/xvii\/wp-json\/wp\/v2\/posts\/1426\/revisions"}],"wp:featuredmedia":[{"embeddable":true,"href":"https:\/\/coloquioeducon.com\/xvii\/wp-json\/wp\/v2\/media\/1427"}],"wp:attachment":[{"href":"https:\/\/coloquioeducon.com\/xvii\/wp-json\/wp\/v2\/media?parent=1426"}],"wp:term":[{"taxonomy":"category","embeddable":true,"href":"https:\/\/coloquioeducon.com\/xvii\/wp-json\/wp\/v2\/categories?post=1426"},{"taxonomy":"post_tag","embeddable":true,"href":"https:\/\/coloquioeducon.com\/xvii\/wp-json\/wp\/v2\/tags?post=1426"}],"curies":[{"name":"wp","href":"https:\/\/api.w.org\/{rel}","templated":true}]}}