{"id":1407,"date":"2021-07-01T15:35:40","date_gmt":"2021-07-01T18:35:40","guid":{"rendered":"https:\/\/coloquioeducon.com\/xv\/?p=1407"},"modified":"2021-07-01T15:35:40","modified_gmt":"2021-07-01T18:35:40","slug":"georgiane-amorim-silva","status":"publish","type":"post","link":"https:\/\/coloquioeducon.com\/xvii\/2021\/07\/01\/georgiane-amorim-silva\/","title":{"rendered":"Georgiane Amorim Silva"},"content":{"rendered":"\n<figure class=\"wp-block-pullquote\"><blockquote><p>Possui doutorado em Educa\u00e7\u00e3o (2013) e mestrado em Ensino de Ci\u00eancias Naturais e Matem\u00e1tica (2009), ambos pela Universidade Federal do Rio Grande do Norte; e, gradua\u00e7\u00e3o em Matem\u00e1tica pela Universidade Estadual de Santa Cruz (2005). Atualmente \u00e9 professora Adjunta da Universidade Federal de Sergipe, Departamento de Matem\u00e1tica (DMA). Tem experi\u00eancia na \u00e1rea de Matem\u00e1tica, com \u00eanfase em Educa\u00e7\u00e3o Matem\u00e1tica, atuando principalmente nos seguintes temas: Compreens\u00e3o Relacional, Hist\u00f3ria da Matem\u00e1tica e Ensino de Geometria.<\/p><\/blockquote><\/figure>\n\n\n\n<ul class=\"wp-block-list\"><li>Pa\u00eds: <strong>Brasil<\/strong><\/li><li>Institui\u00e7\u00e3o:<strong> Universidade Federal de Sergipe<\/strong><\/li><li>Lattes:<strong> <\/strong><a href=\"http:\/\/lattes.cnpq.br\/2101604345855008\">http:\/\/lattes.cnpq.br\/2101604345855008<\/a><\/li><li>Redes sociais:<strong> <\/strong><a href=\"https:\/\/www.facebook.com\/profile.php?id=100002921864324\">https:\/\/www.facebook.com\/profile.php?id=100002921864324<\/a><\/li><li>Participa\u00e7\u00e3o:<strong> Conferencista<\/strong><\/li><li>Mesa Redonda Nacional:<strong> <em>\u201cEst\u00e1gio supervisionado em ensino de matem\u00e1tica em tempos de pandemia.\u201d<\/em><\/strong><\/li><li>Data:<strong> 23\/09\/2021<\/strong><\/li><li>Hor\u00e1rio:<strong> 17h00<\/strong><\/li><\/ul>\n","protected":false},"excerpt":{"rendered":"<p>Possui doutorado em Educa\u00e7\u00e3o (2013) e mestrado em Ensino de Ci\u00eancias Naturais e Matem\u00e1tica (2009), ambos pela Universidade Federal do [&hellip;]<\/p>\n","protected":false},"author":2,"featured_media":1408,"comment_status":"open","ping_status":"open","sticky":false,"template":"","format":"standard","meta":{"site-sidebar-layout":"default","site-content-layout":"","ast-site-content-layout":"default","site-content-style":"default","site-sidebar-style":"default","ast-global-header-display":"","ast-banner-title-visibility":"","ast-main-header-display":"","ast-hfb-above-header-display":"","ast-hfb-below-header-display":"","ast-hfb-mobile-header-display":"","site-post-title":"","ast-breadcrumbs-content":"","ast-featured-img":"","footer-sml-layout":"","theme-transparent-header-meta":"","adv-header-id-meta":"","stick-header-meta":"","header-above-stick-meta":"","header-main-stick-meta":"","header-below-stick-meta":"","astra-migrate-meta-layouts":"default","ast-page-background-enabled":"default","ast-page-background-meta":{"desktop":{"background-color":"var(--ast-global-color-5)","background-image":"","background-repeat":"repeat","background-position":"center center","background-size":"auto","background-attachment":"scroll","background-type":"","background-media":"","overlay-type":"","overlay-color":"","overlay-opacity":"","overlay-gradient":""},"tablet":{"background-color":"","background-image":"","background-repeat":"repeat","background-position":"center center","background-size":"auto","background-attachment":"scroll","background-type":"","background-media":"","overlay-type":"","overlay-color":"","overlay-opacity":"","overlay-gradient":""},"mobile":{"background-color":"","background-image":"","background-repeat":"repeat","background-position":"center center","background-size":"auto","background-attachment":"scroll","background-type":"","background-media":"","overlay-type":"","overlay-color":"","overlay-opacity":"","overlay-gradient":""}},"ast-content-background-meta":{"desktop":{"background-color":"var(--ast-global-color-4)","background-image":"","background-repeat":"repeat","background-position":"center center","background-size":"auto","background-attachment":"scroll","background-type":"","background-media":"","overlay-type":"","overlay-color":"","overlay-opacity":"","overlay-gradient":""},"tablet":{"background-color":"var(--ast-global-color-4)","background-image":"","background-repeat":"repeat","background-position":"center center","background-size":"auto","background-attachment":"scroll","background-type":"","background-media":"","overlay-type":"","overlay-color":"","overlay-opacity":"","overlay-gradient":""},"mobile":{"background-color":"var(--ast-global-color-4)","background-image":"","background-repeat":"repeat","background-position":"center center","background-size":"auto","background-attachment":"scroll","background-type":"","background-media":"","overlay-type":"","overlay-color":"","overlay-opacity":"","overlay-gradient":""}},"footnotes":""},"categories":[4],"tags":[33,90,119,142,184],"class_list":["post-1407","post","type-post","status-publish","format-standard","has-post-thumbnail","hentry","category-conferencista","tag-23-9-2021-tarde","tag-conferencista-educon2021","tag-educon2021","tag-georgiane-amorim-silva","tag-mesa-redonda-nacional"],"_links":{"self":[{"href":"https:\/\/coloquioeducon.com\/xvii\/wp-json\/wp\/v2\/posts\/1407","targetHints":{"allow":["GET"]}}],"collection":[{"href":"https:\/\/coloquioeducon.com\/xvii\/wp-json\/wp\/v2\/posts"}],"about":[{"href":"https:\/\/coloquioeducon.com\/xvii\/wp-json\/wp\/v2\/types\/post"}],"author":[{"embeddable":true,"href":"https:\/\/coloquioeducon.com\/xvii\/wp-json\/wp\/v2\/users\/2"}],"replies":[{"embeddable":true,"href":"https:\/\/coloquioeducon.com\/xvii\/wp-json\/wp\/v2\/comments?post=1407"}],"version-history":[{"count":0,"href":"https:\/\/coloquioeducon.com\/xvii\/wp-json\/wp\/v2\/posts\/1407\/revisions"}],"wp:featuredmedia":[{"embeddable":true,"href":"https:\/\/coloquioeducon.com\/xvii\/wp-json\/wp\/v2\/media\/1408"}],"wp:attachment":[{"href":"https:\/\/coloquioeducon.com\/xvii\/wp-json\/wp\/v2\/media?parent=1407"}],"wp:term":[{"taxonomy":"category","embeddable":true,"href":"https:\/\/coloquioeducon.com\/xvii\/wp-json\/wp\/v2\/categories?post=1407"},{"taxonomy":"post_tag","embeddable":true,"href":"https:\/\/coloquioeducon.com\/xvii\/wp-json\/wp\/v2\/tags?post=1407"}],"curies":[{"name":"wp","href":"https:\/\/api.w.org\/{rel}","templated":true}]}}