{"id":1403,"date":"2021-07-01T15:25:06","date_gmt":"2021-07-01T18:25:06","guid":{"rendered":"https:\/\/coloquioeducon.com\/xv\/?p=1403"},"modified":"2021-07-01T15:25:06","modified_gmt":"2021-07-01T18:25:06","slug":"denize-da-silva-souza","status":"publish","type":"post","link":"https:\/\/coloquioeducon.com\/xvii\/2021\/07\/01\/denize-da-silva-souza\/","title":{"rendered":"Denize da Silva Souza"},"content":{"rendered":"\n<figure class=\"wp-block-pullquote\"><blockquote><p>Licenciada em Matem\u00e1tica. Doutora em Educa\u00e7\u00e3o Matem\u00e1tica. Professora do DMA\/UFS e PPGECIMA\/UFS. Coordenadora de \u00e1rea do N\u00facleo PIBID-Matem\u00e1tica\/SC\/UFS. Vice diretora regional da SBEM-SE. L\u00edder do NCPPEM\/UFS\/CNPq. Vice-l\u00edder do N\u00daPITA\/UFS\/CNPq. Membro do EDUCON\/UFS\/CNPq. Temas de pesquisa: Rela\u00e7\u00e3o com o saber, TAD, Ensino de geometria, Forma\u00e7\u00e3o de professores que ensinam matem\u00e1tica.<\/p><\/blockquote><\/figure>\n\n\n\n<ul class=\"wp-block-list\"><li>Pa\u00eds: <strong>Brasil<\/strong><\/li><li>Institui\u00e7\u00e3o: <strong>Universidade Federal de Sergipe<\/strong><\/li><li>Orcid: <a href=\"https:\/\/orcid.org\/0000-0002-4976-893X\">https:\/\/orcid.org\/0000-0002-4976-893X<\/a><\/li><li>Lattes:<strong> <\/strong><a href=\"http:\/\/lattes.cnpq.br\/7517823576002780\">http:\/\/lattes.cnpq.br\/7517823576002780<\/a><\/li><li>Participa\u00e7\u00e3o:<strong> Coordenadora<\/strong><\/li><li>Mesa Redonda Nacional:<strong> <em>\u201cEst\u00e1gio Supervisionado em ensino de matem\u00e1tica em tempos de pandemia.\u201d<\/em><\/strong><\/li><li>Data:<strong> 23\/09\/2021<\/strong><\/li><li>Hor\u00e1rio:1<strong>7h00<\/strong><\/li><\/ul>\n\n\n\n<p><\/p>\n","protected":false},"excerpt":{"rendered":"<p>Licenciada em Matem\u00e1tica. Doutora em Educa\u00e7\u00e3o Matem\u00e1tica. Professora do DMA\/UFS e PPGECIMA\/UFS. Coordenadora de \u00e1rea do N\u00facleo PIBID-Matem\u00e1tica\/SC\/UFS. Vice diretora [&hellip;]<\/p>\n","protected":false},"author":2,"featured_media":1404,"comment_status":"open","ping_status":"open","sticky":false,"template":"","format":"standard","meta":{"site-sidebar-layout":"default","site-content-layout":"","ast-site-content-layout":"default","site-content-style":"default","site-sidebar-style":"default","ast-global-header-display":"","ast-banner-title-visibility":"","ast-main-header-display":"","ast-hfb-above-header-display":"","ast-hfb-below-header-display":"","ast-hfb-mobile-header-display":"","site-post-title":"","ast-breadcrumbs-content":"","ast-featured-img":"","footer-sml-layout":"","theme-transparent-header-meta":"","adv-header-id-meta":"","stick-header-meta":"","header-above-stick-meta":"","header-main-stick-meta":"","header-below-stick-meta":"","astra-migrate-meta-layouts":"default","ast-page-background-enabled":"default","ast-page-background-meta":{"desktop":{"background-color":"var(--ast-global-color-5)","background-image":"","background-repeat":"repeat","background-position":"center center","background-size":"auto","background-attachment":"scroll","background-type":"","background-media":"","overlay-type":"","overlay-color":"","overlay-opacity":"","overlay-gradient":""},"tablet":{"background-color":"","background-image":"","background-repeat":"repeat","background-position":"center center","background-size":"auto","background-attachment":"scroll","background-type":"","background-media":"","overlay-type":"","overlay-color":"","overlay-opacity":"","overlay-gradient":""},"mobile":{"background-color":"","background-image":"","background-repeat":"repeat","background-position":"center center","background-size":"auto","background-attachment":"scroll","background-type":"","background-media":"","overlay-type":"","overlay-color":"","overlay-opacity":"","overlay-gradient":""}},"ast-content-background-meta":{"desktop":{"background-color":"var(--ast-global-color-4)","background-image":"","background-repeat":"repeat","background-position":"center center","background-size":"auto","background-attachment":"scroll","background-type":"","background-media":"","overlay-type":"","overlay-color":"","overlay-opacity":"","overlay-gradient":""},"tablet":{"background-color":"var(--ast-global-color-4)","background-image":"","background-repeat":"repeat","background-position":"center center","background-size":"auto","background-attachment":"scroll","background-type":"","background-media":"","overlay-type":"","overlay-color":"","overlay-opacity":"","overlay-gradient":""},"mobile":{"background-color":"var(--ast-global-color-4)","background-image":"","background-repeat":"repeat","background-position":"center center","background-size":"auto","background-attachment":"scroll","background-type":"","background-media":"","overlay-type":"","overlay-color":"","overlay-opacity":"","overlay-gradient":""}},"footnotes":""},"categories":[5],"tags":[33,94,101,119,184],"class_list":["post-1403","post","type-post","status-publish","format-standard","has-post-thumbnail","hentry","category-coordenadores-de-mesas","tag-23-9-2021-tarde","tag-coordenadores-mesas-educon2021","tag-denize-da-silva-souza","tag-educon2021","tag-mesa-redonda-nacional"],"_links":{"self":[{"href":"https:\/\/coloquioeducon.com\/xvii\/wp-json\/wp\/v2\/posts\/1403","targetHints":{"allow":["GET"]}}],"collection":[{"href":"https:\/\/coloquioeducon.com\/xvii\/wp-json\/wp\/v2\/posts"}],"about":[{"href":"https:\/\/coloquioeducon.com\/xvii\/wp-json\/wp\/v2\/types\/post"}],"author":[{"embeddable":true,"href":"https:\/\/coloquioeducon.com\/xvii\/wp-json\/wp\/v2\/users\/2"}],"replies":[{"embeddable":true,"href":"https:\/\/coloquioeducon.com\/xvii\/wp-json\/wp\/v2\/comments?post=1403"}],"version-history":[{"count":0,"href":"https:\/\/coloquioeducon.com\/xvii\/wp-json\/wp\/v2\/posts\/1403\/revisions"}],"wp:featuredmedia":[{"embeddable":true,"href":"https:\/\/coloquioeducon.com\/xvii\/wp-json\/wp\/v2\/media\/1404"}],"wp:attachment":[{"href":"https:\/\/coloquioeducon.com\/xvii\/wp-json\/wp\/v2\/media?parent=1403"}],"wp:term":[{"taxonomy":"category","embeddable":true,"href":"https:\/\/coloquioeducon.com\/xvii\/wp-json\/wp\/v2\/categories?post=1403"},{"taxonomy":"post_tag","embeddable":true,"href":"https:\/\/coloquioeducon.com\/xvii\/wp-json\/wp\/v2\/tags?post=1403"}],"curies":[{"name":"wp","href":"https:\/\/api.w.org\/{rel}","templated":true}]}}