{"id":1374,"date":"2021-06-30T11:06:36","date_gmt":"2021-06-30T14:06:36","guid":{"rendered":"https:\/\/coloquioeducon.com\/xv\/?p=1374"},"modified":"2021-06-30T11:06:36","modified_gmt":"2021-06-30T14:06:36","slug":"adriana-parra-carrasquilla","status":"publish","type":"post","link":"https:\/\/coloquioeducon.com\/xvii\/2021\/06\/30\/adriana-parra-carrasquilla\/","title":{"rendered":"Adriana Parra Carrasquilla"},"content":{"rendered":"\n<figure class=\"wp-block-pullquote\"><blockquote><p>\u2022 Ma formation et exp\u00e9rience entre la France et la Colombie m&#8217;a permis d\u2019acqu\u00e9rir des connaissances et intervenir dans les secteurs \u00e9ducatifs dans les deux pays. Ma th\u00e8se soutenue en mars 2020 m&#8217;a permis de mieux comprendre la probl\u00e9matique rurale en Colombie et me focaliser sur l&#8217;am\u00e9lioration de projets de classe ainsi que de des projets p\u00e9dagogiques en \u00e9ducation \u00e0 l\u2019environnement. La recherche-action coop\u00e9rative m&#8217;a permis de travailler aupr\u00e8s des enseignants et apprendre avec eux \u00e0 organiser des contenus et faire des approches interdisciplinaires.<\/p><\/blockquote><\/figure>\n\n\n\n<ul class=\"wp-block-list\"><li>Pa\u00eds: <strong>Colombia\/Francia<\/strong><\/li><li>Institui\u00e7\u00e3o:<strong> Paris X &#8211; Nanterre <\/strong><\/li><li>Redes sociais:<strong> Adriana Parra (facebook);<\/strong><\/li><li>Participa\u00e7\u00e3o:<strong> Conferencista<\/strong><\/li><li>Confer\u00eancia Internacional:<strong> <em>\u201cLes enjeux de l&#8217;\u00e9ducation \u00e0 l&#8217;environnement dans la formation rurale en Colombie: tension et perspectives.\u201d<\/em><\/strong><\/li><li>Data:<strong> 22\/09\/2021<\/strong><\/li><li>Hor\u00e1rio:<strong>20h30<\/strong><\/li><\/ul>\n","protected":false},"excerpt":{"rendered":"<p>\u2022 Ma formation et exp\u00e9rience entre la France et la Colombie m&#8217;a permis d\u2019acqu\u00e9rir des connaissances et intervenir dans les [&hellip;]<\/p>\n","protected":false},"author":2,"featured_media":1375,"comment_status":"open","ping_status":"open","sticky":false,"template":"","format":"standard","meta":{"site-sidebar-layout":"default","site-content-layout":"","ast-site-content-layout":"default","site-content-style":"default","site-sidebar-style":"default","ast-global-header-display":"","ast-banner-title-visibility":"","ast-main-header-display":"","ast-hfb-above-header-display":"","ast-hfb-below-header-display":"","ast-hfb-mobile-header-display":"","site-post-title":"","ast-breadcrumbs-content":"","ast-featured-img":"","footer-sml-layout":"","theme-transparent-header-meta":"","adv-header-id-meta":"","stick-header-meta":"","header-above-stick-meta":"","header-main-stick-meta":"","header-below-stick-meta":"","astra-migrate-meta-layouts":"default","ast-page-background-enabled":"default","ast-page-background-meta":{"desktop":{"background-color":"var(--ast-global-color-5)","background-image":"","background-repeat":"repeat","background-position":"center center","background-size":"auto","background-attachment":"scroll","background-type":"","background-media":"","overlay-type":"","overlay-color":"","overlay-opacity":"","overlay-gradient":""},"tablet":{"background-color":"","background-image":"","background-repeat":"repeat","background-position":"center center","background-size":"auto","background-attachment":"scroll","background-type":"","background-media":"","overlay-type":"","overlay-color":"","overlay-opacity":"","overlay-gradient":""},"mobile":{"background-color":"","background-image":"","background-repeat":"repeat","background-position":"center center","background-size":"auto","background-attachment":"scroll","background-type":"","background-media":"","overlay-type":"","overlay-color":"","overlay-opacity":"","overlay-gradient":""}},"ast-content-background-meta":{"desktop":{"background-color":"var(--ast-global-color-4)","background-image":"","background-repeat":"repeat","background-position":"center center","background-size":"auto","background-attachment":"scroll","background-type":"","background-media":"","overlay-type":"","overlay-color":"","overlay-opacity":"","overlay-gradient":""},"tablet":{"background-color":"var(--ast-global-color-4)","background-image":"","background-repeat":"repeat","background-position":"center center","background-size":"auto","background-attachment":"scroll","background-type":"","background-media":"","overlay-type":"","overlay-color":"","overlay-opacity":"","overlay-gradient":""},"mobile":{"background-color":"var(--ast-global-color-4)","background-image":"","background-repeat":"repeat","background-position":"center center","background-size":"auto","background-attachment":"scroll","background-type":"","background-media":"","overlay-type":"","overlay-color":"","overlay-opacity":"","overlay-gradient":""}},"footnotes":""},"categories":[4],"tags":[22,49,88,90,119],"class_list":["post-1374","post","type-post","status-publish","format-standard","has-post-thumbnail","hentry","category-conferencista","tag-22-09-2021-noite","tag-adriana-parra-carrasquilla","tag-conferencia-internacional","tag-conferencista-educon2021","tag-educon2021"],"_links":{"self":[{"href":"https:\/\/coloquioeducon.com\/xvii\/wp-json\/wp\/v2\/posts\/1374","targetHints":{"allow":["GET"]}}],"collection":[{"href":"https:\/\/coloquioeducon.com\/xvii\/wp-json\/wp\/v2\/posts"}],"about":[{"href":"https:\/\/coloquioeducon.com\/xvii\/wp-json\/wp\/v2\/types\/post"}],"author":[{"embeddable":true,"href":"https:\/\/coloquioeducon.com\/xvii\/wp-json\/wp\/v2\/users\/2"}],"replies":[{"embeddable":true,"href":"https:\/\/coloquioeducon.com\/xvii\/wp-json\/wp\/v2\/comments?post=1374"}],"version-history":[{"count":0,"href":"https:\/\/coloquioeducon.com\/xvii\/wp-json\/wp\/v2\/posts\/1374\/revisions"}],"wp:featuredmedia":[{"embeddable":true,"href":"https:\/\/coloquioeducon.com\/xvii\/wp-json\/wp\/v2\/media\/1375"}],"wp:attachment":[{"href":"https:\/\/coloquioeducon.com\/xvii\/wp-json\/wp\/v2\/media?parent=1374"}],"wp:term":[{"taxonomy":"category","embeddable":true,"href":"https:\/\/coloquioeducon.com\/xvii\/wp-json\/wp\/v2\/categories?post=1374"},{"taxonomy":"post_tag","embeddable":true,"href":"https:\/\/coloquioeducon.com\/xvii\/wp-json\/wp\/v2\/tags?post=1374"}],"curies":[{"name":"wp","href":"https:\/\/api.w.org\/{rel}","templated":true}]}}