{"id":1371,"date":"2021-06-30T10:58:40","date_gmt":"2021-06-30T13:58:40","guid":{"rendered":"https:\/\/coloquioeducon.com\/xv\/?p=1371"},"modified":"2021-06-30T10:58:40","modified_gmt":"2021-06-30T13:58:40","slug":"cesar-nunes","status":"publish","type":"post","link":"https:\/\/coloquioeducon.com\/xvii\/2021\/06\/30\/cesar-nunes\/","title":{"rendered":"Cesar Aparecido Nunes"},"content":{"rendered":"\n<figure class=\"wp-block-pullquote\"><blockquote><p>Licenciado em Filosofia, Hist\u00f3ria e Pedagogia. Mestre, Doutor e Livre-Docente em Filosofia e Educa\u00e7\u00e3o. Professor Titular de Filosofia e Educa\u00e7\u00e3o na Faculdade de Educa\u00e7\u00e3o UNICAMP. Coordenador do Grupo de Pesquisas PAIDEIA e da Linha 06 do PPGE\/FE\/UNICAMP Filosofia e Hist\u00f3ria da Educa\u00e7\u00e3o. Autor de 35 livros e in\u00fameros artigos sobre Forma\u00e7\u00e3o de Professores, \u00c9tica, Filosofia, Educa\u00e7\u00e3o. Membro do INPPDH e Professor Visitante no IGC Universidade de Coimbra Portugal.<\/p><\/blockquote><\/figure>\n\n\n\n<ul class=\"wp-block-list\"><li>Pa\u00eds: <strong>Brasil<\/strong><\/li><li>Institui\u00e7\u00e3o:<strong> Universidade Estadual de Campinas<\/strong><\/li><li>Orcid: <a href=\"https:\/\/orcid.org\/0000-0003-3548-9486\">https:\/\/orcid.org\/0000-0003-3548-9486<\/a><\/li><li>Lattes:<strong> <\/strong><a href=\"http:\/\/lattes.cnpq.br\/8427731174220329\">http:\/\/lattes.cnpq.br\/8427731174220329<\/a><\/li><li><em>Site<\/em>:<strong> <\/strong><a rel=\"noreferrer noopener\" target=\"_blank\" href=\"http:\/\/www.profcesarnunes.com.br\">www.profcesarnunes.com.br<\/a><strong> <\/strong><\/li><li>Participa\u00e7\u00e3o:<strong> Conferencista<\/strong><\/li><li>Confer\u00eancia Nacional:<strong> <em>\u201cEduca\u00e7\u00e3o, Cultura e Contemporaneidade: cen\u00e1rios da Educa\u00e7\u00e3o e da Escola P\u00f3s-pandemia.\u201d<\/em><\/strong><\/li><li>Data:<strong> 23\/09\/2021<\/strong><\/li><li>Hor\u00e1rio:<strong>17h00<\/strong><\/li><\/ul>\n\n\n\n<p><\/p>\n","protected":false},"excerpt":{"rendered":"<p>Licenciado em Filosofia, Hist\u00f3ria e Pedagogia. Mestre, Doutor e Livre-Docente em Filosofia e Educa\u00e7\u00e3o. Professor Titular de Filosofia e Educa\u00e7\u00e3o [&hellip;]<\/p>\n","protected":false},"author":2,"featured_media":599,"comment_status":"open","ping_status":"open","sticky":false,"template":"","format":"standard","meta":{"site-sidebar-layout":"default","site-content-layout":"","ast-site-content-layout":"default","site-content-style":"default","site-sidebar-style":"default","ast-global-header-display":"","ast-banner-title-visibility":"","ast-main-header-display":"","ast-hfb-above-header-display":"","ast-hfb-below-header-display":"","ast-hfb-mobile-header-display":"","site-post-title":"","ast-breadcrumbs-content":"","ast-featured-img":"","footer-sml-layout":"","theme-transparent-header-meta":"","adv-header-id-meta":"","stick-header-meta":"","header-above-stick-meta":"","header-main-stick-meta":"","header-below-stick-meta":"","astra-migrate-meta-layouts":"default","ast-page-background-enabled":"default","ast-page-background-meta":{"desktop":{"background-color":"var(--ast-global-color-5)","background-image":"","background-repeat":"repeat","background-position":"center center","background-size":"auto","background-attachment":"scroll","background-type":"","background-media":"","overlay-type":"","overlay-color":"","overlay-opacity":"","overlay-gradient":""},"tablet":{"background-color":"","background-image":"","background-repeat":"repeat","background-position":"center center","background-size":"auto","background-attachment":"scroll","background-type":"","background-media":"","overlay-type":"","overlay-color":"","overlay-opacity":"","overlay-gradient":""},"mobile":{"background-color":"","background-image":"","background-repeat":"repeat","background-position":"center center","background-size":"auto","background-attachment":"scroll","background-type":"","background-media":"","overlay-type":"","overlay-color":"","overlay-opacity":"","overlay-gradient":""}},"ast-content-background-meta":{"desktop":{"background-color":"var(--ast-global-color-4)","background-image":"","background-repeat":"repeat","background-position":"center center","background-size":"auto","background-attachment":"scroll","background-type":"","background-media":"","overlay-type":"","overlay-color":"","overlay-opacity":"","overlay-gradient":""},"tablet":{"background-color":"var(--ast-global-color-4)","background-image":"","background-repeat":"repeat","background-position":"center center","background-size":"auto","background-attachment":"scroll","background-type":"","background-media":"","overlay-type":"","overlay-color":"","overlay-opacity":"","overlay-gradient":""},"mobile":{"background-color":"var(--ast-global-color-4)","background-image":"","background-repeat":"repeat","background-position":"center center","background-size":"auto","background-attachment":"scroll","background-type":"","background-media":"","overlay-type":"","overlay-color":"","overlay-opacity":"","overlay-gradient":""}},"footnotes":""},"categories":[4],"tags":[33,79,89,90,119],"class_list":["post-1371","post","type-post","status-publish","format-standard","has-post-thumbnail","hentry","category-conferencista","tag-23-9-2021-tarde","tag-cesar-nunes","tag-conferencia-nacional","tag-conferencista-educon2021","tag-educon2021"],"_links":{"self":[{"href":"https:\/\/coloquioeducon.com\/xvii\/wp-json\/wp\/v2\/posts\/1371","targetHints":{"allow":["GET"]}}],"collection":[{"href":"https:\/\/coloquioeducon.com\/xvii\/wp-json\/wp\/v2\/posts"}],"about":[{"href":"https:\/\/coloquioeducon.com\/xvii\/wp-json\/wp\/v2\/types\/post"}],"author":[{"embeddable":true,"href":"https:\/\/coloquioeducon.com\/xvii\/wp-json\/wp\/v2\/users\/2"}],"replies":[{"embeddable":true,"href":"https:\/\/coloquioeducon.com\/xvii\/wp-json\/wp\/v2\/comments?post=1371"}],"version-history":[{"count":0,"href":"https:\/\/coloquioeducon.com\/xvii\/wp-json\/wp\/v2\/posts\/1371\/revisions"}],"wp:featuredmedia":[{"embeddable":true,"href":"https:\/\/coloquioeducon.com\/xvii\/wp-json\/wp\/v2\/media\/599"}],"wp:attachment":[{"href":"https:\/\/coloquioeducon.com\/xvii\/wp-json\/wp\/v2\/media?parent=1371"}],"wp:term":[{"taxonomy":"category","embeddable":true,"href":"https:\/\/coloquioeducon.com\/xvii\/wp-json\/wp\/v2\/categories?post=1371"},{"taxonomy":"post_tag","embeddable":true,"href":"https:\/\/coloquioeducon.com\/xvii\/wp-json\/wp\/v2\/tags?post=1371"}],"curies":[{"name":"wp","href":"https:\/\/api.w.org\/{rel}","templated":true}]}}