{"id":1368,"date":"2021-06-30T10:45:15","date_gmt":"2021-06-30T13:45:15","guid":{"rendered":"https:\/\/coloquioeducon.com\/xv\/?p=1368"},"modified":"2021-06-30T10:45:15","modified_gmt":"2021-06-30T13:45:15","slug":"valerie-vincent-2","status":"publish","type":"post","link":"https:\/\/coloquioeducon.com\/xvii\/2021\/06\/30\/valerie-vincent-2\/","title":{"rendered":"Val\u00e9rie Vincent"},"content":{"rendered":"\n<figure class=\"wp-block-pullquote\"><blockquote><p>&#8211; 2012 &#8211; At\u00e9 agora : charg\u00e9e d&#8217;enseignement dans la formation des enseignant-es primaires Universit\u00e9 de Gen\u00e8ve, Facult\u00e9 de psychologie et des sciences de l&#8217;\u00e9ducation<br>&#8211; 08.2019-07.2020 : Postdoctorat soutenu par le Fond national Suisse de la recherche scientifique, http:\/\/p3.snf.ch\/project-184471<br>&#8211; 01.2017 : Doctorat en sciences de l&#8217;\u00e9ducation, Universit\u00e9 de Gen\u00e8ve : https:\/\/archive-ouverte.unige.ch\/unige:93921<\/p><\/blockquote><\/figure>\n\n\n\n<ul class=\"wp-block-list\"><li>Pa\u00eds: <strong>Suisse<\/strong><\/li><li>Institui\u00e7\u00e3o:<strong> Universit\u00e9 de Gen\u00e8ve, Facult\u00e9 de psychologie et des sciences de l&#8217;\u00e9ducation<\/strong><\/li><li>Orcid: <a href=\"https:\/\/orcid.org\/0000-0002-7719-2763\">https:\/\/orcid.org\/0000-0002-7719-2763<\/a><\/li><li><em>Site<\/em>:<strong> <\/strong><a href=\"https:\/\/www.unige.ch\/fapse\/life\/equipe\/valerie-vincent\/\">https:\/\/www.unige.ch\/fapse\/life\/equipe\/valerie-vincent\/<\/a><\/li><li>Participa\u00e7\u00e3o:<strong> Conferencista<\/strong><\/li><li>Confer\u00eancia Internacional:<strong> <em>\u201cDu rapport ordinaire au rapport enchant\u00e9 au savoir : quels impacts sur les pratiques enseignantes et le rapport au savoir des \u00e9l\u00e8ves? Le cas de l\u2019enseignement de la (Pr\u00e9)histoire \u00e0 l\u2019\u00e9cole primaire. (Da rela\u00e7\u00e3o ordin\u00e1ria \u00e0 rela\u00e7\u00e3o encantada com o saber: quais impactos sobre as pr\u00e1ticas docentes e a rela\u00e7\u00e3o dos alunos com o saber? O caso do ensino da (Pr\u00e9)-hist\u00f3ria na escola prim\u00e1ria).\u201d<\/em><\/strong><\/li><li>Data:<strong> 24\/09\/2021<\/strong><\/li><li>Hor\u00e1rio:<strong> 17h00<\/strong><\/li><\/ul>\n","protected":false},"excerpt":{"rendered":"<p>&#8211; 2012 &#8211; At\u00e9 agora : charg\u00e9e d&#8217;enseignement dans la formation des enseignant-es primaires Universit\u00e9 de Gen\u00e8ve, Facult\u00e9 de psychologie [&hellip;]<\/p>\n","protected":false},"author":2,"featured_media":1228,"comment_status":"open","ping_status":"open","sticky":false,"template":"","format":"standard","meta":{"site-sidebar-layout":"default","site-content-layout":"","ast-site-content-layout":"default","site-content-style":"default","site-sidebar-style":"default","ast-global-header-display":"","ast-banner-title-visibility":"","ast-main-header-display":"","ast-hfb-above-header-display":"","ast-hfb-below-header-display":"","ast-hfb-mobile-header-display":"","site-post-title":"","ast-breadcrumbs-content":"","ast-featured-img":"","footer-sml-layout":"","theme-transparent-header-meta":"","adv-header-id-meta":"","stick-header-meta":"","header-above-stick-meta":"","header-main-stick-meta":"","header-below-stick-meta":"","astra-migrate-meta-layouts":"default","ast-page-background-enabled":"default","ast-page-background-meta":{"desktop":{"background-color":"var(--ast-global-color-5)","background-image":"","background-repeat":"repeat","background-position":"center center","background-size":"auto","background-attachment":"scroll","background-type":"","background-media":"","overlay-type":"","overlay-color":"","overlay-opacity":"","overlay-gradient":""},"tablet":{"background-color":"","background-image":"","background-repeat":"repeat","background-position":"center center","background-size":"auto","background-attachment":"scroll","background-type":"","background-media":"","overlay-type":"","overlay-color":"","overlay-opacity":"","overlay-gradient":""},"mobile":{"background-color":"","background-image":"","background-repeat":"repeat","background-position":"center center","background-size":"auto","background-attachment":"scroll","background-type":"","background-media":"","overlay-type":"","overlay-color":"","overlay-opacity":"","overlay-gradient":""}},"ast-content-background-meta":{"desktop":{"background-color":"var(--ast-global-color-4)","background-image":"","background-repeat":"repeat","background-position":"center center","background-size":"auto","background-attachment":"scroll","background-type":"","background-media":"","overlay-type":"","overlay-color":"","overlay-opacity":"","overlay-gradient":""},"tablet":{"background-color":"var(--ast-global-color-4)","background-image":"","background-repeat":"repeat","background-position":"center center","background-size":"auto","background-attachment":"scroll","background-type":"","background-media":"","overlay-type":"","overlay-color":"","overlay-opacity":"","overlay-gradient":""},"mobile":{"background-color":"var(--ast-global-color-4)","background-image":"","background-repeat":"repeat","background-position":"center center","background-size":"auto","background-attachment":"scroll","background-type":"","background-media":"","overlay-type":"","overlay-color":"","overlay-opacity":"","overlay-gradient":""}},"footnotes":""},"categories":[4],"tags":[35,88,90,119,222],"class_list":["post-1368","post","type-post","status-publish","format-standard","has-post-thumbnail","hentry","category-conferencista","tag-24-09-2021-tarde","tag-conferencia-internacional","tag-conferencista-educon2021","tag-educon2021","tag-valerie-vincent"],"_links":{"self":[{"href":"https:\/\/coloquioeducon.com\/xvii\/wp-json\/wp\/v2\/posts\/1368","targetHints":{"allow":["GET"]}}],"collection":[{"href":"https:\/\/coloquioeducon.com\/xvii\/wp-json\/wp\/v2\/posts"}],"about":[{"href":"https:\/\/coloquioeducon.com\/xvii\/wp-json\/wp\/v2\/types\/post"}],"author":[{"embeddable":true,"href":"https:\/\/coloquioeducon.com\/xvii\/wp-json\/wp\/v2\/users\/2"}],"replies":[{"embeddable":true,"href":"https:\/\/coloquioeducon.com\/xvii\/wp-json\/wp\/v2\/comments?post=1368"}],"version-history":[{"count":0,"href":"https:\/\/coloquioeducon.com\/xvii\/wp-json\/wp\/v2\/posts\/1368\/revisions"}],"wp:featuredmedia":[{"embeddable":true,"href":"https:\/\/coloquioeducon.com\/xvii\/wp-json\/wp\/v2\/media\/1228"}],"wp:attachment":[{"href":"https:\/\/coloquioeducon.com\/xvii\/wp-json\/wp\/v2\/media?parent=1368"}],"wp:term":[{"taxonomy":"category","embeddable":true,"href":"https:\/\/coloquioeducon.com\/xvii\/wp-json\/wp\/v2\/categories?post=1368"},{"taxonomy":"post_tag","embeddable":true,"href":"https:\/\/coloquioeducon.com\/xvii\/wp-json\/wp\/v2\/tags?post=1368"}],"curies":[{"name":"wp","href":"https:\/\/api.w.org\/{rel}","templated":true}]}}