{"id":1358,"date":"2021-06-29T14:39:28","date_gmt":"2021-06-29T17:39:28","guid":{"rendered":"https:\/\/coloquioeducon.com\/xv\/?p=1358"},"modified":"2021-06-29T14:39:28","modified_gmt":"2021-06-29T17:39:28","slug":"suzana-mary-de-a-nunes","status":"publish","type":"post","link":"https:\/\/coloquioeducon.com\/xvii\/2021\/06\/29\/suzana-mary-de-a-nunes\/","title":{"rendered":"Suzana Mary De A. Nunes"},"content":{"rendered":"\n<figure class=\"wp-block-pullquote\"><blockquote><p>Professora efetiva da Universidade Federal de Sergipe. Fez Gradua\u00e7\u00e3o em Letras e Mestrado, Doutorado em Educa\u00e7\u00e3o pela UFS. Em 2016, fez P\u00f3s-Doutorado na Faculdade de Psicologia e Ci\u00eancias da Educa\u00e7\u00e3o da Universidade do Porto e Iniciou, em 2022, o segundo P\u00f3s-Doutorado na linha da Alfabetiza\u00e7\u00e3o. L\u00edder do Grupo de Estudos e Pesquisa do CNPQ: RESSALT e Integrante do Grupo de Pesquisa: Educa\u00e7\u00e3o, Forma\u00e7\u00e3o, Processo de Trabalho e Rela\u00e7\u00f5es de G\u00eanero.<\/p><\/blockquote><\/figure>\n\n\n\n<ul class=\"wp-block-list\"><li>Pa\u00eds: <strong>Brasil<\/strong><\/li><li>Institui\u00e7\u00e3o:<strong> Universidade Federal de Sergipe (UFS)<\/strong><\/li><li>Orcid: <a href=\"https:\/\/orcid.org\/0000-0003-1165-8951\">https:\/\/orcid.org\/0000-0003-1165-8951<\/a><\/li><li>Redes sociais:<strong> suzana_annes. Ressalt Educa\u00e7\u00e3o (instagram). Grupo Ressalt (youtube) (instagram e facebook)<\/strong><\/li><li>Participa\u00e7\u00e3o:<strong> Conferencista<\/strong><\/li><li>Mesa Redonda Internacional:<strong> <em>\u201c<\/em><\/strong> <strong>Educa\u00e7\u00e3o Superior para Forma\u00e7\u00e3o do Docente: as pr\u00e1ticas docentes em contexto universit\u00e1rio<em>.\u201d<\/em><\/strong><\/li><li>Data:<strong> 23\/09\/2021<\/strong><\/li><li>Hor\u00e1rio:<strong> 10h00<\/strong><\/li><\/ul>\n","protected":false},"excerpt":{"rendered":"<p>Professora efetiva da Universidade Federal de Sergipe. Fez Gradua\u00e7\u00e3o em Letras e Mestrado, Doutorado em Educa\u00e7\u00e3o pela UFS. Em 2016, [&hellip;]<\/p>\n","protected":false},"author":2,"featured_media":1359,"comment_status":"open","ping_status":"open","sticky":false,"template":"","format":"standard","meta":{"site-sidebar-layout":"default","site-content-layout":"","ast-site-content-layout":"default","site-content-style":"default","site-sidebar-style":"default","ast-global-header-display":"","ast-banner-title-visibility":"","ast-main-header-display":"","ast-hfb-above-header-display":"","ast-hfb-below-header-display":"","ast-hfb-mobile-header-display":"","site-post-title":"","ast-breadcrumbs-content":"","ast-featured-img":"","footer-sml-layout":"","theme-transparent-header-meta":"","adv-header-id-meta":"","stick-header-meta":"","header-above-stick-meta":"","header-main-stick-meta":"","header-below-stick-meta":"","astra-migrate-meta-layouts":"default","ast-page-background-enabled":"default","ast-page-background-meta":{"desktop":{"background-color":"var(--ast-global-color-5)","background-image":"","background-repeat":"repeat","background-position":"center center","background-size":"auto","background-attachment":"scroll","background-type":"","background-media":"","overlay-type":"","overlay-color":"","overlay-opacity":"","overlay-gradient":""},"tablet":{"background-color":"","background-image":"","background-repeat":"repeat","background-position":"center center","background-size":"auto","background-attachment":"scroll","background-type":"","background-media":"","overlay-type":"","overlay-color":"","overlay-opacity":"","overlay-gradient":""},"mobile":{"background-color":"","background-image":"","background-repeat":"repeat","background-position":"center center","background-size":"auto","background-attachment":"scroll","background-type":"","background-media":"","overlay-type":"","overlay-color":"","overlay-opacity":"","overlay-gradient":""}},"ast-content-background-meta":{"desktop":{"background-color":"var(--ast-global-color-4)","background-image":"","background-repeat":"repeat","background-position":"center center","background-size":"auto","background-attachment":"scroll","background-type":"","background-media":"","overlay-type":"","overlay-color":"","overlay-opacity":"","overlay-gradient":""},"tablet":{"background-color":"var(--ast-global-color-4)","background-image":"","background-repeat":"repeat","background-position":"center center","background-size":"auto","background-attachment":"scroll","background-type":"","background-media":"","overlay-type":"","overlay-color":"","overlay-opacity":"","overlay-gradient":""},"mobile":{"background-color":"var(--ast-global-color-4)","background-image":"","background-repeat":"repeat","background-position":"center center","background-size":"auto","background-attachment":"scroll","background-type":"","background-media":"","overlay-type":"","overlay-color":"","overlay-opacity":"","overlay-gradient":""}},"footnotes":""},"categories":[4],"tags":[31,90,119,183,213],"class_list":["post-1358","post","type-post","status-publish","format-standard","has-post-thumbnail","hentry","category-conferencista","tag-23-9-2021-manha","tag-conferencista-educon2021","tag-educon2021","tag-mesa-redonda-internacional","tag-suzana-mary-de-a-nunes"],"_links":{"self":[{"href":"https:\/\/coloquioeducon.com\/xvii\/wp-json\/wp\/v2\/posts\/1358","targetHints":{"allow":["GET"]}}],"collection":[{"href":"https:\/\/coloquioeducon.com\/xvii\/wp-json\/wp\/v2\/posts"}],"about":[{"href":"https:\/\/coloquioeducon.com\/xvii\/wp-json\/wp\/v2\/types\/post"}],"author":[{"embeddable":true,"href":"https:\/\/coloquioeducon.com\/xvii\/wp-json\/wp\/v2\/users\/2"}],"replies":[{"embeddable":true,"href":"https:\/\/coloquioeducon.com\/xvii\/wp-json\/wp\/v2\/comments?post=1358"}],"version-history":[{"count":0,"href":"https:\/\/coloquioeducon.com\/xvii\/wp-json\/wp\/v2\/posts\/1358\/revisions"}],"wp:featuredmedia":[{"embeddable":true,"href":"https:\/\/coloquioeducon.com\/xvii\/wp-json\/wp\/v2\/media\/1359"}],"wp:attachment":[{"href":"https:\/\/coloquioeducon.com\/xvii\/wp-json\/wp\/v2\/media?parent=1358"}],"wp:term":[{"taxonomy":"category","embeddable":true,"href":"https:\/\/coloquioeducon.com\/xvii\/wp-json\/wp\/v2\/categories?post=1358"},{"taxonomy":"post_tag","embeddable":true,"href":"https:\/\/coloquioeducon.com\/xvii\/wp-json\/wp\/v2\/tags?post=1358"}],"curies":[{"name":"wp","href":"https:\/\/api.w.org\/{rel}","templated":true}]}}