{"id":1354,"date":"2021-06-29T14:27:51","date_gmt":"2021-06-29T17:27:51","guid":{"rendered":"https:\/\/coloquioeducon.com\/xv\/?p=1354"},"modified":"2021-06-29T14:27:51","modified_gmt":"2021-06-29T17:27:51","slug":"elza-ferreira-santos","status":"publish","type":"post","link":"https:\/\/coloquioeducon.com\/xvii\/2021\/06\/29\/elza-ferreira-santos\/","title":{"rendered":"Elza Ferreira Santos"},"content":{"rendered":"\n<figure class=\"wp-block-pullquote\"><blockquote><p>Doutora em Educa\u00e7\u00e3o pela Universidade Federal de Sergipe (2013) com est\u00e1gio de doutoramento na Universidade Lus\u00f3fona de Humanidades e Tecnologias (2012). Mestra em Ci\u00eancias da Educa\u00e7\u00e3o pela Universidade Lus\u00f3fona de Humanidades e Tecnologias (2006). Licenciada em Letras Portugu\u00eas pela Universidade Federal de Sergipe (1993). Professora Titular do Instituto Federal de Educa\u00e7\u00e3o, Ci\u00eancia e Tecnologia de Sergipe (IFS). Professora do quadro permanente do Programa de P\u00f3s-Gradua\u00e7\u00e3o do Mestrado Profissional em Educa\u00e7\u00e3o Profissional e Tecnol\u00f3gica (PROFEPT). L\u00edder do grupo de pesquisa Educa\u00e7\u00e3o Profissional e Tecnol\u00f3gica do IFS reconhecido pela CNPq.<\/p><\/blockquote><\/figure>\n\n\n\n<ul class=\"wp-block-list\"><li>Pa\u00eds: <strong>Brasil<\/strong><\/li><li>Institui\u00e7\u00e3o:<strong> Instituto Federal de Sergipe<\/strong><\/li><li>Orcid: <a href=\"https:\/\/orcid.org\/0000-0001-9195-531X\">https:\/\/orcid.org\/0000-0001-9195-531X<\/a><\/li><li>Lattes: <a href=\"http:\/\/lattes.cnpq.br\/2729412597740900\">http:\/\/lattes.cnpq.br\/2729412597740900<\/a><\/li><li>Redes sociais:<strong> elzaferreira.profept &#8211; Instagran<\/strong><\/li><li>Participa\u00e7\u00e3o:<strong> Coordenador<\/strong><\/li><li>Mesa Redonda Nacional:<strong> <em>\u201cEduca\u00e7\u00e3o, Cultura e Arte.\u201d<\/em><\/strong><\/li><li>Data:<strong> 22\/09\/2021<\/strong><\/li><li>Hor\u00e1rio:<strong> 20h30<\/strong><\/li><\/ul>\n","protected":false},"excerpt":{"rendered":"<p>Doutora em Educa\u00e7\u00e3o pela Universidade Federal de Sergipe (2013) com est\u00e1gio de doutoramento na Universidade Lus\u00f3fona de Humanidades e Tecnologias [&hellip;]<\/p>\n","protected":false},"author":2,"featured_media":1355,"comment_status":"open","ping_status":"open","sticky":false,"template":"","format":"standard","meta":{"site-sidebar-layout":"default","site-content-layout":"","ast-site-content-layout":"default","site-content-style":"default","site-sidebar-style":"default","ast-global-header-display":"","ast-banner-title-visibility":"","ast-main-header-display":"","ast-hfb-above-header-display":"","ast-hfb-below-header-display":"","ast-hfb-mobile-header-display":"","site-post-title":"","ast-breadcrumbs-content":"","ast-featured-img":"","footer-sml-layout":"","theme-transparent-header-meta":"","adv-header-id-meta":"","stick-header-meta":"","header-above-stick-meta":"","header-main-stick-meta":"","header-below-stick-meta":"","astra-migrate-meta-layouts":"default","ast-page-background-enabled":"default","ast-page-background-meta":{"desktop":{"background-color":"var(--ast-global-color-5)","background-image":"","background-repeat":"repeat","background-position":"center center","background-size":"auto","background-attachment":"scroll","background-type":"","background-media":"","overlay-type":"","overlay-color":"","overlay-opacity":"","overlay-gradient":""},"tablet":{"background-color":"","background-image":"","background-repeat":"repeat","background-position":"center center","background-size":"auto","background-attachment":"scroll","background-type":"","background-media":"","overlay-type":"","overlay-color":"","overlay-opacity":"","overlay-gradient":""},"mobile":{"background-color":"","background-image":"","background-repeat":"repeat","background-position":"center center","background-size":"auto","background-attachment":"scroll","background-type":"","background-media":"","overlay-type":"","overlay-color":"","overlay-opacity":"","overlay-gradient":""}},"ast-content-background-meta":{"desktop":{"background-color":"var(--ast-global-color-4)","background-image":"","background-repeat":"repeat","background-position":"center center","background-size":"auto","background-attachment":"scroll","background-type":"","background-media":"","overlay-type":"","overlay-color":"","overlay-opacity":"","overlay-gradient":""},"tablet":{"background-color":"var(--ast-global-color-4)","background-image":"","background-repeat":"repeat","background-position":"center center","background-size":"auto","background-attachment":"scroll","background-type":"","background-media":"","overlay-type":"","overlay-color":"","overlay-opacity":"","overlay-gradient":""},"mobile":{"background-color":"var(--ast-global-color-4)","background-image":"","background-repeat":"repeat","background-position":"center center","background-size":"auto","background-attachment":"scroll","background-type":"","background-media":"","overlay-type":"","overlay-color":"","overlay-opacity":"","overlay-gradient":""}},"footnotes":""},"categories":[5],"tags":[22,94,119,125,184],"class_list":["post-1354","post","type-post","status-publish","format-standard","has-post-thumbnail","hentry","category-coordenadores-de-mesas","tag-22-09-2021-noite","tag-coordenadores-mesas-educon2021","tag-educon2021","tag-elza-ferreira-santos","tag-mesa-redonda-nacional"],"_links":{"self":[{"href":"https:\/\/coloquioeducon.com\/xvii\/wp-json\/wp\/v2\/posts\/1354","targetHints":{"allow":["GET"]}}],"collection":[{"href":"https:\/\/coloquioeducon.com\/xvii\/wp-json\/wp\/v2\/posts"}],"about":[{"href":"https:\/\/coloquioeducon.com\/xvii\/wp-json\/wp\/v2\/types\/post"}],"author":[{"embeddable":true,"href":"https:\/\/coloquioeducon.com\/xvii\/wp-json\/wp\/v2\/users\/2"}],"replies":[{"embeddable":true,"href":"https:\/\/coloquioeducon.com\/xvii\/wp-json\/wp\/v2\/comments?post=1354"}],"version-history":[{"count":0,"href":"https:\/\/coloquioeducon.com\/xvii\/wp-json\/wp\/v2\/posts\/1354\/revisions"}],"wp:featuredmedia":[{"embeddable":true,"href":"https:\/\/coloquioeducon.com\/xvii\/wp-json\/wp\/v2\/media\/1355"}],"wp:attachment":[{"href":"https:\/\/coloquioeducon.com\/xvii\/wp-json\/wp\/v2\/media?parent=1354"}],"wp:term":[{"taxonomy":"category","embeddable":true,"href":"https:\/\/coloquioeducon.com\/xvii\/wp-json\/wp\/v2\/categories?post=1354"},{"taxonomy":"post_tag","embeddable":true,"href":"https:\/\/coloquioeducon.com\/xvii\/wp-json\/wp\/v2\/tags?post=1354"}],"curies":[{"name":"wp","href":"https:\/\/api.w.org\/{rel}","templated":true}]}}