{"id":1313,"date":"2021-06-28T15:22:08","date_gmt":"2021-06-28T18:22:08","guid":{"rendered":"https:\/\/coloquioeducon.com\/xv\/?p=1313"},"modified":"2021-06-28T15:22:08","modified_gmt":"2021-06-28T18:22:08","slug":"mauricio-de-souza-pedrosa","status":"publish","type":"post","link":"https:\/\/coloquioeducon.com\/xvii\/2021\/06\/28\/mauricio-de-souza-pedrosa\/","title":{"rendered":"Mauricio de Souza Pedrosa"},"content":{"rendered":"\n<figure class=\"wp-block-pullquote\"><blockquote><p>Graduado em Pedagogia pela Universidade Cat\u00f3lica do Salvador (1996), em Licenciatura Em Teatro pela UFBA (2000), gradua\u00e7\u00e3o em Bacharel Em Artes C\u00eanicas pela UFBA (2002) e mestrado em Artes C\u00eanicas pelo PPGAC UFBA (2009). Atualmente \u00e9 professor adjunto-III da Escola de Teatro &#8211; UFBA. Coordena o Ateli\u00ea Cenogr\u00e1fico &#8211; Diretor, Cen\u00f3grafo, Diretor de Arte, Ator, Bonequeiro e Aderecista. Co-gestor da Casa Preta espa\u00e7o Cultural<\/p><\/blockquote><\/figure>\n\n\n\n<ul class=\"wp-block-list\"><li>Pa\u00eds: <strong>Brasil<\/strong><\/li><li>Institui\u00e7\u00e3o:<strong> Universidade Federal da Bahia<\/strong><\/li><li>Lattes:<strong> <\/strong><a href=\"http:\/\/lattes.cnpq.br\/2316776041908118\">http:\/\/lattes.cnpq.br\/2316776041908118<\/a><\/li><li><em>Site<\/em>:<strong> <\/strong><a rel=\"noreferrer noopener\" target=\"_blank\" href=\"http:\/\/www.casapreta.art.br\">www.casapreta.art.br<\/a><\/li><li>Redes sociais: <strong>@ateliecenografico<\/strong><\/li><li>Participa\u00e7\u00e3o:<strong> Conferencista<\/strong><\/li><li>Mesa Redonda Nacional:<strong> <em>\u201cM\u00e9todos de ensino das visualidades da cena.\u201d<\/em><\/strong><\/li><li>Data:<strong> 22\/09\/2021<\/strong><\/li><li>Hor\u00e1rio:<strong> 20h30<\/strong><\/li><\/ul>\n","protected":false},"excerpt":{"rendered":"<p>Graduado em Pedagogia pela Universidade Cat\u00f3lica do Salvador (1996), em Licenciatura Em Teatro pela UFBA (2000), gradua\u00e7\u00e3o em Bacharel Em [&hellip;]<\/p>\n","protected":false},"author":2,"featured_media":1314,"comment_status":"open","ping_status":"open","sticky":false,"template":"","format":"standard","meta":{"site-sidebar-layout":"default","site-content-layout":"","ast-site-content-layout":"default","site-content-style":"default","site-sidebar-style":"default","ast-global-header-display":"","ast-banner-title-visibility":"","ast-main-header-display":"","ast-hfb-above-header-display":"","ast-hfb-below-header-display":"","ast-hfb-mobile-header-display":"","site-post-title":"","ast-breadcrumbs-content":"","ast-featured-img":"","footer-sml-layout":"","theme-transparent-header-meta":"","adv-header-id-meta":"","stick-header-meta":"","header-above-stick-meta":"","header-main-stick-meta":"","header-below-stick-meta":"","astra-migrate-meta-layouts":"default","ast-page-background-enabled":"default","ast-page-background-meta":{"desktop":{"background-color":"var(--ast-global-color-5)","background-image":"","background-repeat":"repeat","background-position":"center center","background-size":"auto","background-attachment":"scroll","background-type":"","background-media":"","overlay-type":"","overlay-color":"","overlay-opacity":"","overlay-gradient":""},"tablet":{"background-color":"","background-image":"","background-repeat":"repeat","background-position":"center center","background-size":"auto","background-attachment":"scroll","background-type":"","background-media":"","overlay-type":"","overlay-color":"","overlay-opacity":"","overlay-gradient":""},"mobile":{"background-color":"","background-image":"","background-repeat":"repeat","background-position":"center center","background-size":"auto","background-attachment":"scroll","background-type":"","background-media":"","overlay-type":"","overlay-color":"","overlay-opacity":"","overlay-gradient":""}},"ast-content-background-meta":{"desktop":{"background-color":"var(--ast-global-color-4)","background-image":"","background-repeat":"repeat","background-position":"center center","background-size":"auto","background-attachment":"scroll","background-type":"","background-media":"","overlay-type":"","overlay-color":"","overlay-opacity":"","overlay-gradient":""},"tablet":{"background-color":"var(--ast-global-color-4)","background-image":"","background-repeat":"repeat","background-position":"center center","background-size":"auto","background-attachment":"scroll","background-type":"","background-media":"","overlay-type":"","overlay-color":"","overlay-opacity":"","overlay-gradient":""},"mobile":{"background-color":"var(--ast-global-color-4)","background-image":"","background-repeat":"repeat","background-position":"center center","background-size":"auto","background-attachment":"scroll","background-type":"","background-media":"","overlay-type":"","overlay-color":"","overlay-opacity":"","overlay-gradient":""}},"footnotes":""},"categories":[4],"tags":[22,90,119,180,184],"class_list":["post-1313","post","type-post","status-publish","format-standard","has-post-thumbnail","hentry","category-conferencista","tag-22-09-2021-noite","tag-conferencista-educon2021","tag-educon2021","tag-mauricio-de-souza-pedrosa","tag-mesa-redonda-nacional"],"_links":{"self":[{"href":"https:\/\/coloquioeducon.com\/xvii\/wp-json\/wp\/v2\/posts\/1313","targetHints":{"allow":["GET"]}}],"collection":[{"href":"https:\/\/coloquioeducon.com\/xvii\/wp-json\/wp\/v2\/posts"}],"about":[{"href":"https:\/\/coloquioeducon.com\/xvii\/wp-json\/wp\/v2\/types\/post"}],"author":[{"embeddable":true,"href":"https:\/\/coloquioeducon.com\/xvii\/wp-json\/wp\/v2\/users\/2"}],"replies":[{"embeddable":true,"href":"https:\/\/coloquioeducon.com\/xvii\/wp-json\/wp\/v2\/comments?post=1313"}],"version-history":[{"count":0,"href":"https:\/\/coloquioeducon.com\/xvii\/wp-json\/wp\/v2\/posts\/1313\/revisions"}],"wp:featuredmedia":[{"embeddable":true,"href":"https:\/\/coloquioeducon.com\/xvii\/wp-json\/wp\/v2\/media\/1314"}],"wp:attachment":[{"href":"https:\/\/coloquioeducon.com\/xvii\/wp-json\/wp\/v2\/media?parent=1313"}],"wp:term":[{"taxonomy":"category","embeddable":true,"href":"https:\/\/coloquioeducon.com\/xvii\/wp-json\/wp\/v2\/categories?post=1313"},{"taxonomy":"post_tag","embeddable":true,"href":"https:\/\/coloquioeducon.com\/xvii\/wp-json\/wp\/v2\/tags?post=1313"}],"curies":[{"name":"wp","href":"https:\/\/api.w.org\/{rel}","templated":true}]}}