{"id":1297,"date":"2021-06-28T13:39:13","date_gmt":"2021-06-28T16:39:13","guid":{"rendered":"https:\/\/coloquioeducon.com\/xv\/?p=1297"},"modified":"2021-06-28T13:39:13","modified_gmt":"2021-06-28T16:39:13","slug":"manuel-ferreira-da-silva","status":"publish","type":"post","link":"https:\/\/coloquioeducon.com\/xvii\/2021\/06\/28\/manuel-ferreira-da-silva\/","title":{"rendered":"Manuel Ferreira da Silva"},"content":{"rendered":"\n<figure class=\"wp-block-pullquote\"><blockquote><p>Iniciei o percurso profissional na qualidade de Professor do Ensino Elementar (1.\u00ba Ciclo do Ensino B\u00e1sico em Portugal) em 1980. Depois de ter participado em experi\u00eancias pedag\u00f3gicas nesse n\u00edvel de ensino (1981 a 1987 e 1990 a 1992) e de ter desempenhado o cargo de Diretor de um Centro de Forma\u00e7\u00e3o cont\u00ednua de Professores (1992 a 1995), iniciei um percurso na educa\u00e7\u00e3o superior como docente e investigador na Universidade do Minho, que ainda exer\u00e7o. Tenho v\u00e1rias publica\u00e7\u00f5es em Portugal e no Brasil no \u00e2mbito da sociologia da educa\u00e7\u00e3o, da forma\u00e7\u00e3o e da avalia\u00e7\u00e3o.<\/p><\/blockquote><\/figure>\n\n\n\n<ul class=\"wp-block-list\"><li>Pa\u00eds: <strong>Portugal<\/strong><\/li><li>Institui\u00e7\u00e3o:<strong> Universidade do Minho<\/strong><\/li><li>Participa\u00e7\u00e3o:<strong> Conferencista<\/strong><\/li><li>Mesa Redonda Internacional:<strong> <em>\u201c<\/em><\/strong> <strong>Educa\u00e7\u00e3o Superior para Forma\u00e7\u00e3o do Docente: as pr\u00e1ticas docentes em contexto universit\u00e1rio<\/strong>.&#8221;<\/li><li>Data:<strong> 23\/09\/2021<\/strong><\/li><li>Hor\u00e1rio:<strong> 10h00<\/strong><\/li><\/ul>\n","protected":false},"excerpt":{"rendered":"<p>Iniciei o percurso profissional na qualidade de Professor do Ensino Elementar (1.\u00ba Ciclo do Ensino B\u00e1sico em Portugal) em 1980. [&hellip;]<\/p>\n","protected":false},"author":2,"featured_media":1298,"comment_status":"open","ping_status":"open","sticky":false,"template":"","format":"standard","meta":{"site-sidebar-layout":"default","site-content-layout":"","ast-site-content-layout":"default","site-content-style":"default","site-sidebar-style":"default","ast-global-header-display":"","ast-banner-title-visibility":"","ast-main-header-display":"","ast-hfb-above-header-display":"","ast-hfb-below-header-display":"","ast-hfb-mobile-header-display":"","site-post-title":"","ast-breadcrumbs-content":"","ast-featured-img":"","footer-sml-layout":"","theme-transparent-header-meta":"","adv-header-id-meta":"","stick-header-meta":"","header-above-stick-meta":"","header-main-stick-meta":"","header-below-stick-meta":"","astra-migrate-meta-layouts":"default","ast-page-background-enabled":"default","ast-page-background-meta":{"desktop":{"background-color":"var(--ast-global-color-5)","background-image":"","background-repeat":"repeat","background-position":"center center","background-size":"auto","background-attachment":"scroll","background-type":"","background-media":"","overlay-type":"","overlay-color":"","overlay-opacity":"","overlay-gradient":""},"tablet":{"background-color":"","background-image":"","background-repeat":"repeat","background-position":"center center","background-size":"auto","background-attachment":"scroll","background-type":"","background-media":"","overlay-type":"","overlay-color":"","overlay-opacity":"","overlay-gradient":""},"mobile":{"background-color":"","background-image":"","background-repeat":"repeat","background-position":"center center","background-size":"auto","background-attachment":"scroll","background-type":"","background-media":"","overlay-type":"","overlay-color":"","overlay-opacity":"","overlay-gradient":""}},"ast-content-background-meta":{"desktop":{"background-color":"var(--ast-global-color-4)","background-image":"","background-repeat":"repeat","background-position":"center center","background-size":"auto","background-attachment":"scroll","background-type":"","background-media":"","overlay-type":"","overlay-color":"","overlay-opacity":"","overlay-gradient":""},"tablet":{"background-color":"var(--ast-global-color-4)","background-image":"","background-repeat":"repeat","background-position":"center center","background-size":"auto","background-attachment":"scroll","background-type":"","background-media":"","overlay-type":"","overlay-color":"","overlay-opacity":"","overlay-gradient":""},"mobile":{"background-color":"var(--ast-global-color-4)","background-image":"","background-repeat":"repeat","background-position":"center center","background-size":"auto","background-attachment":"scroll","background-type":"","background-media":"","overlay-type":"","overlay-color":"","overlay-opacity":"","overlay-gradient":""}},"footnotes":""},"categories":[4],"tags":[31,90,119,169,183],"class_list":["post-1297","post","type-post","status-publish","format-standard","has-post-thumbnail","hentry","category-conferencista","tag-23-9-2021-manha","tag-conferencista-educon2021","tag-educon2021","tag-manuel-ferreira-da-silva","tag-mesa-redonda-internacional"],"_links":{"self":[{"href":"https:\/\/coloquioeducon.com\/xvii\/wp-json\/wp\/v2\/posts\/1297","targetHints":{"allow":["GET"]}}],"collection":[{"href":"https:\/\/coloquioeducon.com\/xvii\/wp-json\/wp\/v2\/posts"}],"about":[{"href":"https:\/\/coloquioeducon.com\/xvii\/wp-json\/wp\/v2\/types\/post"}],"author":[{"embeddable":true,"href":"https:\/\/coloquioeducon.com\/xvii\/wp-json\/wp\/v2\/users\/2"}],"replies":[{"embeddable":true,"href":"https:\/\/coloquioeducon.com\/xvii\/wp-json\/wp\/v2\/comments?post=1297"}],"version-history":[{"count":0,"href":"https:\/\/coloquioeducon.com\/xvii\/wp-json\/wp\/v2\/posts\/1297\/revisions"}],"wp:featuredmedia":[{"embeddable":true,"href":"https:\/\/coloquioeducon.com\/xvii\/wp-json\/wp\/v2\/media\/1298"}],"wp:attachment":[{"href":"https:\/\/coloquioeducon.com\/xvii\/wp-json\/wp\/v2\/media?parent=1297"}],"wp:term":[{"taxonomy":"category","embeddable":true,"href":"https:\/\/coloquioeducon.com\/xvii\/wp-json\/wp\/v2\/categories?post=1297"},{"taxonomy":"post_tag","embeddable":true,"href":"https:\/\/coloquioeducon.com\/xvii\/wp-json\/wp\/v2\/tags?post=1297"}],"curies":[{"name":"wp","href":"https:\/\/api.w.org\/{rel}","templated":true}]}}