{"id":1275,"date":"2021-06-26T17:23:11","date_gmt":"2021-06-26T20:23:11","guid":{"rendered":"https:\/\/coloquioeducon.com\/xv\/?p=1275"},"modified":"2021-06-26T17:23:11","modified_gmt":"2021-06-26T20:23:11","slug":"elizabeth-fernandes-de-macedo","status":"publish","type":"post","link":"https:\/\/coloquioeducon.com\/xvii\/2021\/06\/26\/elizabeth-fernandes-de-macedo\/","title":{"rendered":"Elizabeth Fernandes de Macedo"},"content":{"rendered":"\n<figure class=\"wp-block-pullquote\"><blockquote><p>Professora Tituar da UERJ, atuando na gradua\u00e7\u00e3o e no PROPEd. Suas pesquisas focam as pol\u00edticas de curr\u00edculo, entendidas como pol\u00edticas p\u00fablicas promulgadas pelo Estado e vividas nas escolas, assim como englobando a teoria curricular. Em termos gerais, a pol\u00edtica tem sido entendida como processos de signifiXa\u00e7\u00e3o que produzem o contexto em que acontecem em pesquisas com inflex\u00e3o p\u00f3s-estrutural.<\/p><\/blockquote><\/figure>\n\n\n\n<ul class=\"wp-block-list\"><li>Pa\u00eds: <strong>Brasil<\/strong><\/li><li>Institui\u00e7\u00e3o: <strong>Universidade do Estado do Rio de Janeiro<\/strong><\/li><li>Orcid: <a href=\"https:\/\/orcid.org\/0000-0003-4886-8709\" data-type=\"URL\" data-id=\"https:\/\/orcid.org\/0000-0003-4886-8709\">https:\/\/orcid.org\/0000-0003-4886-8709<\/a><\/li><li>Lattes: <a href=\"https:\/\/wwws.cnpq.br\/cvlattesweb\/PKG_MENU.menu?f_cod=4BB5FB1B7068B3DE22E10DF84F971800#\" data-type=\"URL\" data-id=\"https:\/\/wwws.cnpq.br\/cvlattesweb\/PKG_MENU.menu?f_cod=4BB5FB1B7068B3DE22E10DF84F971800#\">https:\/\/wwws.cnpq.br\/cvlattesweb\/PKG_MENU.menu?f_cod=4BB5FB1B7068B3DE22E10DF84F971800#<\/a><\/li><li><em>Site<\/em>: <a href=\"http:\/\/www.curriculo-uerj.pro.br\" data-type=\"URL\" data-id=\"www.curriculo-uerj.pro.br\">www.curriculo-uerj.pro.br<\/a><\/li><li>Participa\u00e7\u00e3o: <strong>Conferencista<\/strong><\/li><li>Mesa Redonda Nacional:<strong> <em>\u201cPol\u00edticas curriculares no Brasil p\u00f3s-BNCC\/Pandemia: novas pedagogias em quest\u00e3o\u201d<\/em><\/strong><\/li><li>Data: <strong>24\/09\/2021<\/strong><\/li><li>Hor\u00e1rio:<strong> 10h00<\/strong><\/li><\/ul>\n\n\n\n<p><\/p>\n","protected":false},"excerpt":{"rendered":"<p>Professora Tituar da UERJ, atuando na gradua\u00e7\u00e3o e no PROPEd. Suas pesquisas focam as pol\u00edticas de curr\u00edculo, entendidas como pol\u00edticas [&hellip;]<\/p>\n","protected":false},"author":2,"featured_media":1276,"comment_status":"open","ping_status":"open","sticky":false,"template":"","format":"standard","meta":{"site-sidebar-layout":"default","site-content-layout":"","ast-site-content-layout":"default","site-content-style":"default","site-sidebar-style":"default","ast-global-header-display":"","ast-banner-title-visibility":"","ast-main-header-display":"","ast-hfb-above-header-display":"","ast-hfb-below-header-display":"","ast-hfb-mobile-header-display":"","site-post-title":"","ast-breadcrumbs-content":"","ast-featured-img":"","footer-sml-layout":"","theme-transparent-header-meta":"","adv-header-id-meta":"","stick-header-meta":"","header-above-stick-meta":"","header-main-stick-meta":"","header-below-stick-meta":"","astra-migrate-meta-layouts":"default","ast-page-background-enabled":"default","ast-page-background-meta":{"desktop":{"background-color":"var(--ast-global-color-5)","background-image":"","background-repeat":"repeat","background-position":"center center","background-size":"auto","background-attachment":"scroll","background-type":"","background-media":"","overlay-type":"","overlay-color":"","overlay-opacity":"","overlay-gradient":""},"tablet":{"background-color":"","background-image":"","background-repeat":"repeat","background-position":"center center","background-size":"auto","background-attachment":"scroll","background-type":"","background-media":"","overlay-type":"","overlay-color":"","overlay-opacity":"","overlay-gradient":""},"mobile":{"background-color":"","background-image":"","background-repeat":"repeat","background-position":"center center","background-size":"auto","background-attachment":"scroll","background-type":"","background-media":"","overlay-type":"","overlay-color":"","overlay-opacity":"","overlay-gradient":""}},"ast-content-background-meta":{"desktop":{"background-color":"var(--ast-global-color-4)","background-image":"","background-repeat":"repeat","background-position":"center center","background-size":"auto","background-attachment":"scroll","background-type":"","background-media":"","overlay-type":"","overlay-color":"","overlay-opacity":"","overlay-gradient":""},"tablet":{"background-color":"var(--ast-global-color-4)","background-image":"","background-repeat":"repeat","background-position":"center center","background-size":"auto","background-attachment":"scroll","background-type":"","background-media":"","overlay-type":"","overlay-color":"","overlay-opacity":"","overlay-gradient":""},"mobile":{"background-color":"var(--ast-global-color-4)","background-image":"","background-repeat":"repeat","background-position":"center center","background-size":"auto","background-attachment":"scroll","background-type":"","background-media":"","overlay-type":"","overlay-color":"","overlay-opacity":"","overlay-gradient":""}},"footnotes":""},"categories":[4],"tags":[37,90,119,123,184],"class_list":["post-1275","post","type-post","status-publish","format-standard","has-post-thumbnail","hentry","category-conferencista","tag-24-9-2021-manha","tag-conferencista-educon2021","tag-educon2021","tag-elizabeth-fernandes-de-macedo","tag-mesa-redonda-nacional"],"_links":{"self":[{"href":"https:\/\/coloquioeducon.com\/xvii\/wp-json\/wp\/v2\/posts\/1275","targetHints":{"allow":["GET"]}}],"collection":[{"href":"https:\/\/coloquioeducon.com\/xvii\/wp-json\/wp\/v2\/posts"}],"about":[{"href":"https:\/\/coloquioeducon.com\/xvii\/wp-json\/wp\/v2\/types\/post"}],"author":[{"embeddable":true,"href":"https:\/\/coloquioeducon.com\/xvii\/wp-json\/wp\/v2\/users\/2"}],"replies":[{"embeddable":true,"href":"https:\/\/coloquioeducon.com\/xvii\/wp-json\/wp\/v2\/comments?post=1275"}],"version-history":[{"count":0,"href":"https:\/\/coloquioeducon.com\/xvii\/wp-json\/wp\/v2\/posts\/1275\/revisions"}],"wp:featuredmedia":[{"embeddable":true,"href":"https:\/\/coloquioeducon.com\/xvii\/wp-json\/wp\/v2\/media\/1276"}],"wp:attachment":[{"href":"https:\/\/coloquioeducon.com\/xvii\/wp-json\/wp\/v2\/media?parent=1275"}],"wp:term":[{"taxonomy":"category","embeddable":true,"href":"https:\/\/coloquioeducon.com\/xvii\/wp-json\/wp\/v2\/categories?post=1275"},{"taxonomy":"post_tag","embeddable":true,"href":"https:\/\/coloquioeducon.com\/xvii\/wp-json\/wp\/v2\/tags?post=1275"}],"curies":[{"name":"wp","href":"https:\/\/api.w.org\/{rel}","templated":true}]}}