{"id":1261,"date":"2021-06-26T16:22:13","date_gmt":"2021-06-26T19:22:13","guid":{"rendered":"https:\/\/coloquioeducon.com\/xv\/?p=1261"},"modified":"2021-06-26T16:22:13","modified_gmt":"2021-06-26T19:22:13","slug":"sebastiao-silva-soares","status":"publish","type":"post","link":"https:\/\/coloquioeducon.com\/xvii\/2021\/06\/26\/sebastiao-silva-soares\/","title":{"rendered":"Sebasti\u00e3o Silva Soares"},"content":{"rendered":"\n<figure class=\"wp-block-pullquote\"><blockquote><p>Doutor em Educa\u00e7\u00e3o pela Universidade Federal de Uberl\u00e2ndia. Mestre em Educa\u00e7\u00e3o pela Universidade de Bras\u00edlia. \u00c9 professor Adjunto na Universidade Federal do Tocantins (UFT) no curso de licenciatura Educa\u00e7\u00e3o do Campo, Campus &#8211; Arraias, com atua\u00e7\u00e3o nos seguintes temas: letramento, g\u00eaneros acad\u00eamicos, forma\u00e7\u00e3o docente, educa\u00e7\u00e3o do campo e pesquisa narrativa.<\/p><\/blockquote><\/figure>\n\n\n\n<ul class=\"wp-block-list\"><li>Pa\u00eds: <strong>Brasil<\/strong><\/li><li>Institui\u00e7\u00e3o: <strong>Universidade Federal do Tocantins<\/strong><\/li><li>Orcid: <a href=\"http:\/\/orcid.org\/0000-0002-5572-014X\" data-type=\"URL\" data-id=\"http:\/\/orcid.org\/0000-0002-5572-014X\">http:\/\/orcid.org\/0000-0002-5572-014X<\/a><\/li><li>Lattes: <a href=\"http:\/\/lattes.cnpq.br\/9733130956651712\" data-type=\"URL\" data-id=\"http:\/\/lattes.cnpq.br\/9733130956651712\">http:\/\/lattes.cnpq.br\/9733130956651712<\/a><\/li><li>Participa\u00e7\u00e3o: <strong>Coordenador<\/strong><\/li><li>Mesa Redonda Nacional:<strong> <em>\u201cLinguagens, forma\u00e7\u00e3o humana e aprendizagem: entre as normas e a realidade em tempos de pandemia\u201d<\/em><\/strong><\/li><li>Data: <strong>23\/09\/2021<\/strong><\/li><li>Hor\u00e1rio:<strong> 19h00<\/strong><\/li><\/ul>\n\n\n\n<p><\/p>\n","protected":false},"excerpt":{"rendered":"<p>Doutor em Educa\u00e7\u00e3o pela Universidade Federal de Uberl\u00e2ndia. Mestre em Educa\u00e7\u00e3o pela Universidade de Bras\u00edlia. \u00c9 professor Adjunto na Universidade [&hellip;]<\/p>\n","protected":false},"author":2,"featured_media":1262,"comment_status":"open","ping_status":"open","sticky":false,"template":"","format":"standard","meta":{"site-sidebar-layout":"default","site-content-layout":"","ast-site-content-layout":"default","site-content-style":"default","site-sidebar-style":"default","ast-global-header-display":"","ast-banner-title-visibility":"","ast-main-header-display":"","ast-hfb-above-header-display":"","ast-hfb-below-header-display":"","ast-hfb-mobile-header-display":"","site-post-title":"","ast-breadcrumbs-content":"","ast-featured-img":"","footer-sml-layout":"","theme-transparent-header-meta":"","adv-header-id-meta":"","stick-header-meta":"","header-above-stick-meta":"","header-main-stick-meta":"","header-below-stick-meta":"","astra-migrate-meta-layouts":"default","ast-page-background-enabled":"default","ast-page-background-meta":{"desktop":{"background-color":"var(--ast-global-color-5)","background-image":"","background-repeat":"repeat","background-position":"center center","background-size":"auto","background-attachment":"scroll","background-type":"","background-media":"","overlay-type":"","overlay-color":"","overlay-opacity":"","overlay-gradient":""},"tablet":{"background-color":"","background-image":"","background-repeat":"repeat","background-position":"center center","background-size":"auto","background-attachment":"scroll","background-type":"","background-media":"","overlay-type":"","overlay-color":"","overlay-opacity":"","overlay-gradient":""},"mobile":{"background-color":"","background-image":"","background-repeat":"repeat","background-position":"center center","background-size":"auto","background-attachment":"scroll","background-type":"","background-media":"","overlay-type":"","overlay-color":"","overlay-opacity":"","overlay-gradient":""}},"ast-content-background-meta":{"desktop":{"background-color":"var(--ast-global-color-4)","background-image":"","background-repeat":"repeat","background-position":"center center","background-size":"auto","background-attachment":"scroll","background-type":"","background-media":"","overlay-type":"","overlay-color":"","overlay-opacity":"","overlay-gradient":""},"tablet":{"background-color":"var(--ast-global-color-4)","background-image":"","background-repeat":"repeat","background-position":"center center","background-size":"auto","background-attachment":"scroll","background-type":"","background-media":"","overlay-type":"","overlay-color":"","overlay-opacity":"","overlay-gradient":""},"mobile":{"background-color":"var(--ast-global-color-4)","background-image":"","background-repeat":"repeat","background-position":"center center","background-size":"auto","background-attachment":"scroll","background-type":"","background-media":"","overlay-type":"","overlay-color":"","overlay-opacity":"","overlay-gradient":""}},"footnotes":""},"categories":[5],"tags":[32,94,119,184,206],"class_list":["post-1261","post","type-post","status-publish","format-standard","has-post-thumbnail","hentry","category-coordenadores-de-mesas","tag-23-9-2021-noite","tag-coordenadores-mesas-educon2021","tag-educon2021","tag-mesa-redonda-nacional","tag-sebastiao-silva-soares"],"_links":{"self":[{"href":"https:\/\/coloquioeducon.com\/xvii\/wp-json\/wp\/v2\/posts\/1261","targetHints":{"allow":["GET"]}}],"collection":[{"href":"https:\/\/coloquioeducon.com\/xvii\/wp-json\/wp\/v2\/posts"}],"about":[{"href":"https:\/\/coloquioeducon.com\/xvii\/wp-json\/wp\/v2\/types\/post"}],"author":[{"embeddable":true,"href":"https:\/\/coloquioeducon.com\/xvii\/wp-json\/wp\/v2\/users\/2"}],"replies":[{"embeddable":true,"href":"https:\/\/coloquioeducon.com\/xvii\/wp-json\/wp\/v2\/comments?post=1261"}],"version-history":[{"count":0,"href":"https:\/\/coloquioeducon.com\/xvii\/wp-json\/wp\/v2\/posts\/1261\/revisions"}],"wp:featuredmedia":[{"embeddable":true,"href":"https:\/\/coloquioeducon.com\/xvii\/wp-json\/wp\/v2\/media\/1262"}],"wp:attachment":[{"href":"https:\/\/coloquioeducon.com\/xvii\/wp-json\/wp\/v2\/media?parent=1261"}],"wp:term":[{"taxonomy":"category","embeddable":true,"href":"https:\/\/coloquioeducon.com\/xvii\/wp-json\/wp\/v2\/categories?post=1261"},{"taxonomy":"post_tag","embeddable":true,"href":"https:\/\/coloquioeducon.com\/xvii\/wp-json\/wp\/v2\/tags?post=1261"}],"curies":[{"name":"wp","href":"https:\/\/api.w.org\/{rel}","templated":true}]}}