{"id":1258,"date":"2021-06-26T16:16:14","date_gmt":"2021-06-26T19:16:14","guid":{"rendered":"https:\/\/coloquioeducon.com\/xv\/?p=1258"},"modified":"2021-06-26T16:16:14","modified_gmt":"2021-06-26T19:16:14","slug":"amabilis-de-jesus-da-silva","status":"publish","type":"post","link":"https:\/\/coloquioeducon.com\/xvii\/2021\/06\/26\/amabilis-de-jesus-da-silva\/","title":{"rendered":"Amabilis de Jesus da Silva"},"content":{"rendered":"\n<figure class=\"wp-block-pullquote\"><blockquote><p>Amabilis de Jesus \u00e9 doutora em Artes C\u00eanicas\/Figurino pela UFBA, mestre em Teatro pela UDESC, especialista em Fundamentos Est\u00e9ticos para a Arte-Educa\u00e7\u00e3o pela FAP, licenciada em Artes Pl\u00e1sticas pela UFPR. Desde 1996 \u00e9 professora no Colegiado de Artes C\u00eanicas da UNESPAR \u2013 Campus de Curitiba II \u2013 FAP, das disciplinas de Figurino, Cenografia e Estudos da Performance. Tamb\u00e9m atua como figurinista em parceria com diversos grupos de teatro, teatro de anima\u00e7\u00e3o, dan\u00e7a e m\u00fasica.<\/p><\/blockquote><\/figure>\n\n\n\n<ul class=\"wp-block-list\"><li>Pa\u00eds: <strong>Brasil<\/strong><\/li><li>Institui\u00e7\u00e3o: <strong>Universidade Estadual do Paran\u00e1 &#8211; Campus de Curitiba II &#8211; FAP<\/strong><\/li><li>Orcid: <a href=\"https:\/\/orcid.org\/0000-0001-6708-5297\" data-type=\"URL\" data-id=\"https:\/\/orcid.org\/0000-0001-6708-5297\">https:\/\/orcid.org\/0000-0001-6708-5297<\/a><\/li><li>Lattes: <a href=\"http:\/\/lattes.cnpq.br\/7668645752206910\" data-type=\"URL\" data-id=\"http:\/\/lattes.cnpq.br\/7668645752206910\">http:\/\/lattes.cnpq.br\/7668645752206910<\/a><\/li><li>Participa\u00e7\u00e3o: <strong>Conferencista<\/strong><\/li><li>Mesa Redonda Nacional:<strong> <em>\u201cM\u00e9todos de ensino das visualidades da cena\u201d<\/em><\/strong><\/li><li>Data: <strong>22\/09\/2021<\/strong><\/li><li>Hor\u00e1rio:<strong> 20h30<\/strong><\/li><\/ul>\n\n\n\n<p><\/p>\n","protected":false},"excerpt":{"rendered":"<p>Amabilis de Jesus \u00e9 doutora em Artes C\u00eanicas\/Figurino pela UFBA, mestre em Teatro pela UDESC, especialista em Fundamentos Est\u00e9ticos para [&hellip;]<\/p>\n","protected":false},"author":2,"featured_media":1259,"comment_status":"open","ping_status":"open","sticky":false,"template":"","format":"standard","meta":{"site-sidebar-layout":"default","site-content-layout":"","ast-site-content-layout":"default","site-content-style":"default","site-sidebar-style":"default","ast-global-header-display":"","ast-banner-title-visibility":"","ast-main-header-display":"","ast-hfb-above-header-display":"","ast-hfb-below-header-display":"","ast-hfb-mobile-header-display":"","site-post-title":"","ast-breadcrumbs-content":"","ast-featured-img":"","footer-sml-layout":"","theme-transparent-header-meta":"","adv-header-id-meta":"","stick-header-meta":"","header-above-stick-meta":"","header-main-stick-meta":"","header-below-stick-meta":"","astra-migrate-meta-layouts":"default","ast-page-background-enabled":"default","ast-page-background-meta":{"desktop":{"background-color":"var(--ast-global-color-5)","background-image":"","background-repeat":"repeat","background-position":"center center","background-size":"auto","background-attachment":"scroll","background-type":"","background-media":"","overlay-type":"","overlay-color":"","overlay-opacity":"","overlay-gradient":""},"tablet":{"background-color":"","background-image":"","background-repeat":"repeat","background-position":"center center","background-size":"auto","background-attachment":"scroll","background-type":"","background-media":"","overlay-type":"","overlay-color":"","overlay-opacity":"","overlay-gradient":""},"mobile":{"background-color":"","background-image":"","background-repeat":"repeat","background-position":"center center","background-size":"auto","background-attachment":"scroll","background-type":"","background-media":"","overlay-type":"","overlay-color":"","overlay-opacity":"","overlay-gradient":""}},"ast-content-background-meta":{"desktop":{"background-color":"var(--ast-global-color-4)","background-image":"","background-repeat":"repeat","background-position":"center center","background-size":"auto","background-attachment":"scroll","background-type":"","background-media":"","overlay-type":"","overlay-color":"","overlay-opacity":"","overlay-gradient":""},"tablet":{"background-color":"var(--ast-global-color-4)","background-image":"","background-repeat":"repeat","background-position":"center center","background-size":"auto","background-attachment":"scroll","background-type":"","background-media":"","overlay-type":"","overlay-color":"","overlay-opacity":"","overlay-gradient":""},"mobile":{"background-color":"var(--ast-global-color-4)","background-image":"","background-repeat":"repeat","background-position":"center center","background-size":"auto","background-attachment":"scroll","background-type":"","background-media":"","overlay-type":"","overlay-color":"","overlay-opacity":"","overlay-gradient":""}},"footnotes":""},"categories":[4],"tags":[22,55,90,119,184],"class_list":["post-1258","post","type-post","status-publish","format-standard","has-post-thumbnail","hentry","category-conferencista","tag-22-09-2021-noite","tag-amabilis-de-jesus-da-silva","tag-conferencista-educon2021","tag-educon2021","tag-mesa-redonda-nacional"],"_links":{"self":[{"href":"https:\/\/coloquioeducon.com\/xvii\/wp-json\/wp\/v2\/posts\/1258","targetHints":{"allow":["GET"]}}],"collection":[{"href":"https:\/\/coloquioeducon.com\/xvii\/wp-json\/wp\/v2\/posts"}],"about":[{"href":"https:\/\/coloquioeducon.com\/xvii\/wp-json\/wp\/v2\/types\/post"}],"author":[{"embeddable":true,"href":"https:\/\/coloquioeducon.com\/xvii\/wp-json\/wp\/v2\/users\/2"}],"replies":[{"embeddable":true,"href":"https:\/\/coloquioeducon.com\/xvii\/wp-json\/wp\/v2\/comments?post=1258"}],"version-history":[{"count":0,"href":"https:\/\/coloquioeducon.com\/xvii\/wp-json\/wp\/v2\/posts\/1258\/revisions"}],"wp:featuredmedia":[{"embeddable":true,"href":"https:\/\/coloquioeducon.com\/xvii\/wp-json\/wp\/v2\/media\/1259"}],"wp:attachment":[{"href":"https:\/\/coloquioeducon.com\/xvii\/wp-json\/wp\/v2\/media?parent=1258"}],"wp:term":[{"taxonomy":"category","embeddable":true,"href":"https:\/\/coloquioeducon.com\/xvii\/wp-json\/wp\/v2\/categories?post=1258"},{"taxonomy":"post_tag","embeddable":true,"href":"https:\/\/coloquioeducon.com\/xvii\/wp-json\/wp\/v2\/tags?post=1258"}],"curies":[{"name":"wp","href":"https:\/\/api.w.org\/{rel}","templated":true}]}}