{"id":1254,"date":"2021-06-26T15:56:47","date_gmt":"2021-06-26T18:56:47","guid":{"rendered":"https:\/\/coloquioeducon.com\/xv\/?p=1254"},"modified":"2021-06-26T15:56:47","modified_gmt":"2021-06-26T18:56:47","slug":"antonio-miranda-galleao","status":"publish","type":"post","link":"https:\/\/coloquioeducon.com\/xvii\/2021\/06\/26\/antonio-miranda-galleao\/","title":{"rendered":"Antonio Miranda Galle\u00e3o"},"content":{"rendered":"\n<figure class=\"wp-block-pullquote\"><blockquote><p>Doutore e Mestre em Educa\u00e7\u00e3o da Universidade Cat\u00f3lica de Santos. Bacharel em Engenharia El\u00e9trica pela USP. Participa do Grupo de Pesquisa &#8220;Pr\u00e1ticas Pedag\u00f3gicas: Pesquisa e Forma\u00e7\u00e3o &#8211; Linhas de Pesquisa&#8221;: &#8220;Pr\u00e1tica Docente no Ensino Superior&#8221; e &#8220;Pesquisa-A\u00e7\u00e3o e Pr\u00e1tica Docente&#8221;. Coordena o Departamento de Tecnologia da Informa\u00e7\u00e3o e Comunica\u00e7\u00e3o da Universidade Cat\u00f3lica de Santos desde 2006. Professor nos cursos de Engenharia de Produ\u00e7\u00e3o, Ci\u00eancia da Computa\u00e7\u00e3o e Sistemas de Informa\u00e7\u00e3o da Universidade Cat\u00f3lica de Santos<\/p><\/blockquote><\/figure>\n\n\n\n<ul class=\"wp-block-list\"><li>Pa\u00eds: <strong>Brasil<\/strong><\/li><li>Institui\u00e7\u00e3o:<strong> Universidade Cat\u00f3lica de Santos<\/strong><\/li><li>Orcid: <a href=\"https:\/\/orcid.org\/0000-0003-0851-7226\" data-type=\"URL\" data-id=\"https:\/\/orcid.org\/0000-0003-0851-7226\">https:\/\/orcid.org\/0000-0003-0851-7226<\/a><\/li><li>Lattes:<strong> <\/strong><a href=\"http:\/\/lattes.cnpq.br\/8325999311211552\" data-type=\"URL\" data-id=\"http:\/\/lattes.cnpq.br\/8325999311211552\">http:\/\/lattes.cnpq.br\/8325999311211552<\/a><\/li><li>Participa\u00e7\u00e3o: <strong>Conferencista<\/strong><\/li><li>Mesa Redonda Nacional:<strong> <em>\u201cTrabalhador Estudante no Ensino Superior: contradi\u00e7\u00f5es e Utopia\u201d<\/em><\/strong><\/li><li>Data: <strong>24\/09\/2021<\/strong><\/li><li>Hor\u00e1rio:<strong> 17h00<\/strong><\/li><\/ul>\n\n\n\n<p><\/p>\n","protected":false},"excerpt":{"rendered":"<p>Doutore e Mestre em Educa\u00e7\u00e3o da Universidade Cat\u00f3lica de Santos. Bacharel em Engenharia El\u00e9trica pela USP. Participa do Grupo de [&hellip;]<\/p>\n","protected":false},"author":2,"featured_media":1255,"comment_status":"open","ping_status":"open","sticky":false,"template":"","format":"standard","meta":{"site-sidebar-layout":"default","site-content-layout":"","ast-site-content-layout":"default","site-content-style":"default","site-sidebar-style":"default","ast-global-header-display":"","ast-banner-title-visibility":"","ast-main-header-display":"","ast-hfb-above-header-display":"","ast-hfb-below-header-display":"","ast-hfb-mobile-header-display":"","site-post-title":"","ast-breadcrumbs-content":"","ast-featured-img":"","footer-sml-layout":"","theme-transparent-header-meta":"","adv-header-id-meta":"","stick-header-meta":"","header-above-stick-meta":"","header-main-stick-meta":"","header-below-stick-meta":"","astra-migrate-meta-layouts":"default","ast-page-background-enabled":"default","ast-page-background-meta":{"desktop":{"background-color":"var(--ast-global-color-5)","background-image":"","background-repeat":"repeat","background-position":"center center","background-size":"auto","background-attachment":"scroll","background-type":"","background-media":"","overlay-type":"","overlay-color":"","overlay-opacity":"","overlay-gradient":""},"tablet":{"background-color":"","background-image":"","background-repeat":"repeat","background-position":"center center","background-size":"auto","background-attachment":"scroll","background-type":"","background-media":"","overlay-type":"","overlay-color":"","overlay-opacity":"","overlay-gradient":""},"mobile":{"background-color":"","background-image":"","background-repeat":"repeat","background-position":"center center","background-size":"auto","background-attachment":"scroll","background-type":"","background-media":"","overlay-type":"","overlay-color":"","overlay-opacity":"","overlay-gradient":""}},"ast-content-background-meta":{"desktop":{"background-color":"var(--ast-global-color-4)","background-image":"","background-repeat":"repeat","background-position":"center center","background-size":"auto","background-attachment":"scroll","background-type":"","background-media":"","overlay-type":"","overlay-color":"","overlay-opacity":"","overlay-gradient":""},"tablet":{"background-color":"var(--ast-global-color-4)","background-image":"","background-repeat":"repeat","background-position":"center center","background-size":"auto","background-attachment":"scroll","background-type":"","background-media":"","overlay-type":"","overlay-color":"","overlay-opacity":"","overlay-gradient":""},"mobile":{"background-color":"var(--ast-global-color-4)","background-image":"","background-repeat":"repeat","background-position":"center center","background-size":"auto","background-attachment":"scroll","background-type":"","background-media":"","overlay-type":"","overlay-color":"","overlay-opacity":"","overlay-gradient":""}},"footnotes":""},"categories":[4],"tags":[35,62,90,119,184],"class_list":["post-1254","post","type-post","status-publish","format-standard","has-post-thumbnail","hentry","category-conferencista","tag-24-09-2021-tarde","tag-antonio-miranda-galleao","tag-conferencista-educon2021","tag-educon2021","tag-mesa-redonda-nacional"],"_links":{"self":[{"href":"https:\/\/coloquioeducon.com\/xvii\/wp-json\/wp\/v2\/posts\/1254","targetHints":{"allow":["GET"]}}],"collection":[{"href":"https:\/\/coloquioeducon.com\/xvii\/wp-json\/wp\/v2\/posts"}],"about":[{"href":"https:\/\/coloquioeducon.com\/xvii\/wp-json\/wp\/v2\/types\/post"}],"author":[{"embeddable":true,"href":"https:\/\/coloquioeducon.com\/xvii\/wp-json\/wp\/v2\/users\/2"}],"replies":[{"embeddable":true,"href":"https:\/\/coloquioeducon.com\/xvii\/wp-json\/wp\/v2\/comments?post=1254"}],"version-history":[{"count":0,"href":"https:\/\/coloquioeducon.com\/xvii\/wp-json\/wp\/v2\/posts\/1254\/revisions"}],"wp:featuredmedia":[{"embeddable":true,"href":"https:\/\/coloquioeducon.com\/xvii\/wp-json\/wp\/v2\/media\/1255"}],"wp:attachment":[{"href":"https:\/\/coloquioeducon.com\/xvii\/wp-json\/wp\/v2\/media?parent=1254"}],"wp:term":[{"taxonomy":"category","embeddable":true,"href":"https:\/\/coloquioeducon.com\/xvii\/wp-json\/wp\/v2\/categories?post=1254"},{"taxonomy":"post_tag","embeddable":true,"href":"https:\/\/coloquioeducon.com\/xvii\/wp-json\/wp\/v2\/tags?post=1254"}],"curies":[{"name":"wp","href":"https:\/\/api.w.org\/{rel}","templated":true}]}}