{"id":1224,"date":"2021-06-22T18:40:02","date_gmt":"2021-06-22T21:40:02","guid":{"rendered":"https:\/\/coloquioeducon.com\/xv\/?p=1224"},"modified":"2021-06-22T18:40:02","modified_gmt":"2021-06-22T21:40:02","slug":"carolina-kondratiuk","status":"publish","type":"post","link":"https:\/\/coloquioeducon.com\/xvii\/2021\/06\/22\/carolina-kondratiuk\/","title":{"rendered":"Carolina Kondratiuk"},"content":{"rendered":"\n<figure class=\"wp-block-pullquote\"><blockquote><p>Carolina Kondratiuk \u00e9 Licenciada em Pedagogia, Mestre em Educa\u00e7\u00e3o pela Faculdade de Educa\u00e7\u00e3o da Universidade de S\u00e3o Paulo e Doutora em Educa\u00e7\u00e3o com dupla titula\u00e7\u00e3o pela Universidade de S\u00e3o Paulo e Universit\u00e9 Paris 8. \u00c9 pesquisadora do Laboratoire CIRCEF (Universit\u00e9 Paris 8) e do CIRBE (Coll\u00e8ge International de Recherche Biographique en \u00c9ducation). Dedica-se \u00e0 pesquisa-forma\u00e7\u00e3o voltada a educadores da inf\u00e2ncia, atuantes em contextos formais, n\u00e3o-formais e informais, numa perspectiva que compreende a centralidade da narrativa biogr\u00e1fica na forma\u00e7\u00e3o desses profissionais. Publicou o livro \u201cMem\u00f3rias de Cibele: caminhos trilhados, experi\u00eancias corporais e identidade docente\u201d, pela Editora Phorte.<\/p><\/blockquote><\/figure>\n\n\n\n<ul class=\"wp-block-list\"><li>Pa\u00eds: <strong>Brasil\/Fran\u00e7a<\/strong><\/li><li>Institui\u00e7\u00e3o:<strong> Universit\u00e9 Paris 8, Laboratoire Centre interdisciplinaire de recherche Culture, \u00e9ducation, formation, travail<\/strong><\/li><li>Lattes:<strong> <\/strong><a href=\"http:\/\/lattes.cnpq.br\/2358704111858151\">http:\/\/lattes.cnpq.br\/2358704111858151<\/a><strong> <\/strong><\/li><li>Participa\u00e7\u00e3o:<strong> Coordenadora<\/strong><\/li><li>Mesa Redonda Internacional:<strong> <em>\u201c<\/em><\/strong> <strong>Narrativa da experi\u00eancia, experi\u00eancia da narrativa e rela\u00e7\u00e3o comosaber(R\u00e9cit del&#8217;exp\u00e9rience, l&#8217;exp\u00e9rience du r\u00e9cit et rapport au savoir)<em>.\u201d<\/em><\/strong><\/li><li>Data:<strong> 22\/09\/2021<\/strong><\/li><li>Hor\u00e1rio:<strong> 17h00<\/strong><\/li><\/ul>\n","protected":false},"excerpt":{"rendered":"<p>Carolina Kondratiuk \u00e9 Licenciada em Pedagogia, Mestre em Educa\u00e7\u00e3o pela Faculdade de Educa\u00e7\u00e3o da Universidade de S\u00e3o Paulo e Doutora [&hellip;]<\/p>\n","protected":false},"author":2,"featured_media":1225,"comment_status":"open","ping_status":"open","sticky":false,"template":"","format":"standard","meta":{"site-sidebar-layout":"default","site-content-layout":"","ast-site-content-layout":"default","site-content-style":"default","site-sidebar-style":"default","ast-global-header-display":"","ast-banner-title-visibility":"","ast-main-header-display":"","ast-hfb-above-header-display":"","ast-hfb-below-header-display":"","ast-hfb-mobile-header-display":"","site-post-title":"","ast-breadcrumbs-content":"","ast-featured-img":"","footer-sml-layout":"","theme-transparent-header-meta":"","adv-header-id-meta":"","stick-header-meta":"","header-above-stick-meta":"","header-main-stick-meta":"","header-below-stick-meta":"","astra-migrate-meta-layouts":"default","ast-page-background-enabled":"default","ast-page-background-meta":{"desktop":{"background-color":"var(--ast-global-color-5)","background-image":"","background-repeat":"repeat","background-position":"center center","background-size":"auto","background-attachment":"scroll","background-type":"","background-media":"","overlay-type":"","overlay-color":"","overlay-opacity":"","overlay-gradient":""},"tablet":{"background-color":"","background-image":"","background-repeat":"repeat","background-position":"center center","background-size":"auto","background-attachment":"scroll","background-type":"","background-media":"","overlay-type":"","overlay-color":"","overlay-opacity":"","overlay-gradient":""},"mobile":{"background-color":"","background-image":"","background-repeat":"repeat","background-position":"center center","background-size":"auto","background-attachment":"scroll","background-type":"","background-media":"","overlay-type":"","overlay-color":"","overlay-opacity":"","overlay-gradient":""}},"ast-content-background-meta":{"desktop":{"background-color":"var(--ast-global-color-4)","background-image":"","background-repeat":"repeat","background-position":"center center","background-size":"auto","background-attachment":"scroll","background-type":"","background-media":"","overlay-type":"","overlay-color":"","overlay-opacity":"","overlay-gradient":""},"tablet":{"background-color":"var(--ast-global-color-4)","background-image":"","background-repeat":"repeat","background-position":"center center","background-size":"auto","background-attachment":"scroll","background-type":"","background-media":"","overlay-type":"","overlay-color":"","overlay-opacity":"","overlay-gradient":""},"mobile":{"background-color":"var(--ast-global-color-4)","background-image":"","background-repeat":"repeat","background-position":"center center","background-size":"auto","background-attachment":"scroll","background-type":"","background-media":"","overlay-type":"","overlay-color":"","overlay-opacity":"","overlay-gradient":""}},"footnotes":""},"categories":[5],"tags":[26,77,94,119,183],"class_list":["post-1224","post","type-post","status-publish","format-standard","has-post-thumbnail","hentry","category-coordenadores-de-mesas","tag-22-9-2021-tarde","tag-carolina-kondratiuk","tag-coordenadores-mesas-educon2021","tag-educon2021","tag-mesa-redonda-internacional"],"_links":{"self":[{"href":"https:\/\/coloquioeducon.com\/xvii\/wp-json\/wp\/v2\/posts\/1224","targetHints":{"allow":["GET"]}}],"collection":[{"href":"https:\/\/coloquioeducon.com\/xvii\/wp-json\/wp\/v2\/posts"}],"about":[{"href":"https:\/\/coloquioeducon.com\/xvii\/wp-json\/wp\/v2\/types\/post"}],"author":[{"embeddable":true,"href":"https:\/\/coloquioeducon.com\/xvii\/wp-json\/wp\/v2\/users\/2"}],"replies":[{"embeddable":true,"href":"https:\/\/coloquioeducon.com\/xvii\/wp-json\/wp\/v2\/comments?post=1224"}],"version-history":[{"count":0,"href":"https:\/\/coloquioeducon.com\/xvii\/wp-json\/wp\/v2\/posts\/1224\/revisions"}],"wp:featuredmedia":[{"embeddable":true,"href":"https:\/\/coloquioeducon.com\/xvii\/wp-json\/wp\/v2\/media\/1225"}],"wp:attachment":[{"href":"https:\/\/coloquioeducon.com\/xvii\/wp-json\/wp\/v2\/media?parent=1224"}],"wp:term":[{"taxonomy":"category","embeddable":true,"href":"https:\/\/coloquioeducon.com\/xvii\/wp-json\/wp\/v2\/categories?post=1224"},{"taxonomy":"post_tag","embeddable":true,"href":"https:\/\/coloquioeducon.com\/xvii\/wp-json\/wp\/v2\/tags?post=1224"}],"curies":[{"name":"wp","href":"https:\/\/api.w.org\/{rel}","templated":true}]}}