{"id":1213,"date":"2021-06-22T17:55:03","date_gmt":"2021-06-22T20:55:03","guid":{"rendered":"https:\/\/coloquioeducon.com\/xv\/?p=1213"},"modified":"2021-06-22T17:55:03","modified_gmt":"2021-06-22T20:55:03","slug":"ana-lucia-simoes-borges-fonseca","status":"publish","type":"post","link":"https:\/\/coloquioeducon.com\/xvii\/2021\/06\/22\/ana-lucia-simoes-borges-fonseca\/","title":{"rendered":"Ana L\u00facia Sim\u00f5es Borges Fonseca"},"content":{"rendered":"\n<figure class=\"wp-block-pullquote\"><blockquote><p>Doutora em Educa\u00e7\u00e3o pela Universidade Federal de Sergipe\/UFS, onde atua como Professora no Departamento de Letras Estrangeiras\/DLES. Tem experi\u00eancia na \u00e1rea de Letras, com \u00eanfase em Lingu\u00edstica Aplicada e Ensino de L\u00ednguas Estrangeiras, atuando principalmente nos seguintes temas: Pol\u00edticas Lingu\u00edsticas, Internacionaliza\u00e7\u00e3o, Ensino-Aprendizagem de L\u00ednguas Estrangeiras, Forma\u00e7\u00e3o de Professores de L\u00ednguas Estrangeiras e Literatura de Autoria Feminina.<\/p><\/blockquote><\/figure>\n\n\n\n<p>\u25cf Pa\u00eds: <strong>Brasil<\/strong><br>\u25cf Institui\u00e7\u00e3o: <strong>UFS<\/strong><br>\u25cf Orcid: <a href=\"https:\/\/orcid.org\/0000-0003-4285-7064\" data-type=\"URL\" data-id=\"https:\/\/orcid.org\/0000-0003-4285-7064\">https:\/\/orcid.org\/0000-0003-4285-7064<\/a><br>\u25cf Lattes: <a href=\"http:\/\/lattes.cnpq.br\/9904481397376020\" data-type=\"URL\" data-id=\"http:\/\/lattes.cnpq.br\/9904481397376020\">http:\/\/lattes.cnpq.br\/9904481397376020<\/a><br>\u25cf Participa\u00e7\u00e3o: <strong>Coordenadora<\/strong><br>\u25cf Confer\u00eancia Internacional: <strong>\u201cO ingl\u00eas como a \u00fanica l\u00edngua das ci\u00eancias na Am\u00e9rica Latina? A relev\u00e2ncia dos modelos pluril\u00edngues.\u201d<\/strong><br>\u25cf Data: <strong>24\/09\/2021<\/strong><br>\u25cf Hor\u00e1rio: <strong>10h00<\/strong><\/p>\n","protected":false},"excerpt":{"rendered":"<p>Doutora em Educa\u00e7\u00e3o pela Universidade Federal de Sergipe\/UFS, onde atua como Professora no Departamento de Letras Estrangeiras\/DLES. Tem experi\u00eancia na [&hellip;]<\/p>\n","protected":false},"author":2,"featured_media":1214,"comment_status":"open","ping_status":"open","sticky":false,"template":"","format":"standard","meta":{"site-sidebar-layout":"default","site-content-layout":"","ast-site-content-layout":"default","site-content-style":"default","site-sidebar-style":"default","ast-global-header-display":"","ast-banner-title-visibility":"","ast-main-header-display":"","ast-hfb-above-header-display":"","ast-hfb-below-header-display":"","ast-hfb-mobile-header-display":"","site-post-title":"","ast-breadcrumbs-content":"","ast-featured-img":"","footer-sml-layout":"","theme-transparent-header-meta":"","adv-header-id-meta":"","stick-header-meta":"","header-above-stick-meta":"","header-main-stick-meta":"","header-below-stick-meta":"","astra-migrate-meta-layouts":"default","ast-page-background-enabled":"default","ast-page-background-meta":{"desktop":{"background-color":"var(--ast-global-color-5)","background-image":"","background-repeat":"repeat","background-position":"center center","background-size":"auto","background-attachment":"scroll","background-type":"","background-media":"","overlay-type":"","overlay-color":"","overlay-opacity":"","overlay-gradient":""},"tablet":{"background-color":"","background-image":"","background-repeat":"repeat","background-position":"center center","background-size":"auto","background-attachment":"scroll","background-type":"","background-media":"","overlay-type":"","overlay-color":"","overlay-opacity":"","overlay-gradient":""},"mobile":{"background-color":"","background-image":"","background-repeat":"repeat","background-position":"center center","background-size":"auto","background-attachment":"scroll","background-type":"","background-media":"","overlay-type":"","overlay-color":"","overlay-opacity":"","overlay-gradient":""}},"ast-content-background-meta":{"desktop":{"background-color":"var(--ast-global-color-4)","background-image":"","background-repeat":"repeat","background-position":"center center","background-size":"auto","background-attachment":"scroll","background-type":"","background-media":"","overlay-type":"","overlay-color":"","overlay-opacity":"","overlay-gradient":""},"tablet":{"background-color":"var(--ast-global-color-4)","background-image":"","background-repeat":"repeat","background-position":"center center","background-size":"auto","background-attachment":"scroll","background-type":"","background-media":"","overlay-type":"","overlay-color":"","overlay-opacity":"","overlay-gradient":""},"mobile":{"background-color":"var(--ast-global-color-4)","background-image":"","background-repeat":"repeat","background-position":"center center","background-size":"auto","background-attachment":"scroll","background-type":"","background-media":"","overlay-type":"","overlay-color":"","overlay-opacity":"","overlay-gradient":""}},"footnotes":""},"categories":[5],"tags":[37,58,88,94,119],"class_list":["post-1213","post","type-post","status-publish","format-standard","has-post-thumbnail","hentry","category-coordenadores-de-mesas","tag-24-9-2021-manha","tag-ana-lucia-simoes-borges-fonseca","tag-conferencia-internacional","tag-coordenadores-mesas-educon2021","tag-educon2021"],"_links":{"self":[{"href":"https:\/\/coloquioeducon.com\/xvii\/wp-json\/wp\/v2\/posts\/1213","targetHints":{"allow":["GET"]}}],"collection":[{"href":"https:\/\/coloquioeducon.com\/xvii\/wp-json\/wp\/v2\/posts"}],"about":[{"href":"https:\/\/coloquioeducon.com\/xvii\/wp-json\/wp\/v2\/types\/post"}],"author":[{"embeddable":true,"href":"https:\/\/coloquioeducon.com\/xvii\/wp-json\/wp\/v2\/users\/2"}],"replies":[{"embeddable":true,"href":"https:\/\/coloquioeducon.com\/xvii\/wp-json\/wp\/v2\/comments?post=1213"}],"version-history":[{"count":0,"href":"https:\/\/coloquioeducon.com\/xvii\/wp-json\/wp\/v2\/posts\/1213\/revisions"}],"wp:featuredmedia":[{"embeddable":true,"href":"https:\/\/coloquioeducon.com\/xvii\/wp-json\/wp\/v2\/media\/1214"}],"wp:attachment":[{"href":"https:\/\/coloquioeducon.com\/xvii\/wp-json\/wp\/v2\/media?parent=1213"}],"wp:term":[{"taxonomy":"category","embeddable":true,"href":"https:\/\/coloquioeducon.com\/xvii\/wp-json\/wp\/v2\/categories?post=1213"},{"taxonomy":"post_tag","embeddable":true,"href":"https:\/\/coloquioeducon.com\/xvii\/wp-json\/wp\/v2\/tags?post=1213"}],"curies":[{"name":"wp","href":"https:\/\/api.w.org\/{rel}","templated":true}]}}