{"id":1210,"date":"2021-06-22T17:39:20","date_gmt":"2021-06-22T20:39:20","guid":{"rendered":"https:\/\/coloquioeducon.com\/xv\/?p=1210"},"modified":"2021-06-22T17:39:20","modified_gmt":"2021-06-22T20:39:20","slug":"rainer-enrique-hamel","status":"publish","type":"post","link":"https:\/\/coloquioeducon.com\/xvii\/2021\/06\/22\/rainer-enrique-hamel\/","title":{"rendered":"Rainer Enrique Hamel"},"content":{"rendered":"\n<figure class=\"wp-block-pullquote\"><blockquote><p>&#8220;Profesor Titular, Departamento de Antropolog\u00eda, Universidad Aut\u00f3noma Metropolitana Ciudad de M\u00e9xico. Doctorado en ling\u00fc\u00edstica, Universidad de Frankfurt 1988. \u00c1reas de investigaci\u00f3n: Socioling\u00fc\u00edstica, ling\u00fc\u00edstica aplicada, antropolog\u00eda de la educaci\u00f3n y an\u00e1lisis del discurso. Coordinador del Proyecto permanente \u201cPol\u00edticas del Lenguaje en Am\u00e9rica Latina\u201d de ALFAL (Asociaci\u00f3n de Ling\u00fc\u00edstica y Filolog\u00eda de Am\u00e9rica Latina)<br>Director del Programa interinstitucional \u201cComunidad ind\u00edgena y educaci\u00f3n intercultural biling\u00fce\u201d, UAM-UPN<br>Miembro de la C\u00e1tedra UNESCO sobre Pol\u00edticas del Multiling\u00fcismo, Subsede M\u00e9xico UAM. Miembro de la Academia Mexicana de la Ciencia. M\u00e1s de 80 publicaciones en espa\u00f1ol, ingl\u00e9s, franc\u00e9s y alem\u00e1n. &#8220;<\/p><\/blockquote><\/figure>\n\n\n\n<p>\u25cf Pa\u00eds: <strong>M\u00e9xico<\/strong><br>\u25cf Institui\u00e7\u00e3o: <strong>Universidad Aut\u00f3noma Metropolitana<\/strong><br>\u25cf Orcid: <a href=\"http:\/\/orcid.org\/0000-0001-9724-4543\" data-type=\"URL\" data-id=\"http:\/\/orcid.org\/0000-0001-9724-4543\">http:\/\/orcid.org\/0000-0001-9724-4543<\/a><br>\u25cf Site: <a href=\"http:\/\/www.hamel.com.mx\/site\/\" data-type=\"URL\" data-id=\"http:\/\/www.hamel.com.mx\/site\/\">http:\/\/www.hamel.com.mx\/site\/<\/a><br>\u25cf Participa\u00e7\u00e3o: <strong>Conferencista<\/strong><br>\u25cf Confer\u00eancia Internacional: <strong>\u201cO ingl\u00eas como a \u00fanica l\u00edngua das ci\u00eancias na Am\u00e9rica Latina? A relev\u00e2ncia dos modelos pluril\u00edngues\u201d<\/strong><br>\u25cf Data: 24\/09\/2021<br>\u25cf Hor\u00e1rio: 10h00<\/p>\n","protected":false},"excerpt":{"rendered":"<p>&#8220;Profesor Titular, Departamento de Antropolog\u00eda, Universidad Aut\u00f3noma Metropolitana Ciudad de M\u00e9xico. Doctorado en ling\u00fc\u00edstica, Universidad de Frankfurt 1988. \u00c1reas de [&hellip;]<\/p>\n","protected":false},"author":2,"featured_media":1211,"comment_status":"open","ping_status":"open","sticky":false,"template":"","format":"standard","meta":{"site-sidebar-layout":"default","site-content-layout":"","ast-site-content-layout":"default","site-content-style":"default","site-sidebar-style":"default","ast-global-header-display":"","ast-banner-title-visibility":"","ast-main-header-display":"","ast-hfb-above-header-display":"","ast-hfb-below-header-display":"","ast-hfb-mobile-header-display":"","site-post-title":"","ast-breadcrumbs-content":"","ast-featured-img":"","footer-sml-layout":"","theme-transparent-header-meta":"","adv-header-id-meta":"","stick-header-meta":"","header-above-stick-meta":"","header-main-stick-meta":"","header-below-stick-meta":"","astra-migrate-meta-layouts":"default","ast-page-background-enabled":"default","ast-page-background-meta":{"desktop":{"background-color":"var(--ast-global-color-5)","background-image":"","background-repeat":"repeat","background-position":"center center","background-size":"auto","background-attachment":"scroll","background-type":"","background-media":"","overlay-type":"","overlay-color":"","overlay-opacity":"","overlay-gradient":""},"tablet":{"background-color":"","background-image":"","background-repeat":"repeat","background-position":"center center","background-size":"auto","background-attachment":"scroll","background-type":"","background-media":"","overlay-type":"","overlay-color":"","overlay-opacity":"","overlay-gradient":""},"mobile":{"background-color":"","background-image":"","background-repeat":"repeat","background-position":"center center","background-size":"auto","background-attachment":"scroll","background-type":"","background-media":"","overlay-type":"","overlay-color":"","overlay-opacity":"","overlay-gradient":""}},"ast-content-background-meta":{"desktop":{"background-color":"var(--ast-global-color-4)","background-image":"","background-repeat":"repeat","background-position":"center center","background-size":"auto","background-attachment":"scroll","background-type":"","background-media":"","overlay-type":"","overlay-color":"","overlay-opacity":"","overlay-gradient":""},"tablet":{"background-color":"var(--ast-global-color-4)","background-image":"","background-repeat":"repeat","background-position":"center center","background-size":"auto","background-attachment":"scroll","background-type":"","background-media":"","overlay-type":"","overlay-color":"","overlay-opacity":"","overlay-gradient":""},"mobile":{"background-color":"var(--ast-global-color-4)","background-image":"","background-repeat":"repeat","background-position":"center center","background-size":"auto","background-attachment":"scroll","background-type":"","background-media":"","overlay-type":"","overlay-color":"","overlay-opacity":"","overlay-gradient":""}},"footnotes":""},"categories":[4],"tags":[37,88,90,119,199],"class_list":["post-1210","post","type-post","status-publish","format-standard","has-post-thumbnail","hentry","category-conferencista","tag-24-9-2021-manha","tag-conferencia-internacional","tag-conferencista-educon2021","tag-educon2021","tag-rainer-enrique-hamel"],"_links":{"self":[{"href":"https:\/\/coloquioeducon.com\/xvii\/wp-json\/wp\/v2\/posts\/1210","targetHints":{"allow":["GET"]}}],"collection":[{"href":"https:\/\/coloquioeducon.com\/xvii\/wp-json\/wp\/v2\/posts"}],"about":[{"href":"https:\/\/coloquioeducon.com\/xvii\/wp-json\/wp\/v2\/types\/post"}],"author":[{"embeddable":true,"href":"https:\/\/coloquioeducon.com\/xvii\/wp-json\/wp\/v2\/users\/2"}],"replies":[{"embeddable":true,"href":"https:\/\/coloquioeducon.com\/xvii\/wp-json\/wp\/v2\/comments?post=1210"}],"version-history":[{"count":0,"href":"https:\/\/coloquioeducon.com\/xvii\/wp-json\/wp\/v2\/posts\/1210\/revisions"}],"wp:featuredmedia":[{"embeddable":true,"href":"https:\/\/coloquioeducon.com\/xvii\/wp-json\/wp\/v2\/media\/1211"}],"wp:attachment":[{"href":"https:\/\/coloquioeducon.com\/xvii\/wp-json\/wp\/v2\/media?parent=1210"}],"wp:term":[{"taxonomy":"category","embeddable":true,"href":"https:\/\/coloquioeducon.com\/xvii\/wp-json\/wp\/v2\/categories?post=1210"},{"taxonomy":"post_tag","embeddable":true,"href":"https:\/\/coloquioeducon.com\/xvii\/wp-json\/wp\/v2\/tags?post=1210"}],"curies":[{"name":"wp","href":"https:\/\/api.w.org\/{rel}","templated":true}]}}