{"id":1204,"date":"2021-06-22T17:23:59","date_gmt":"2021-06-22T20:23:59","guid":{"rendered":"https:\/\/coloquioeducon.com\/xv\/?p=1204"},"modified":"2021-06-22T17:23:59","modified_gmt":"2021-06-22T20:23:59","slug":"sergio-luiz-lopes","status":"publish","type":"post","link":"https:\/\/coloquioeducon.com\/xvii\/2021\/06\/22\/sergio-luiz-lopes\/","title":{"rendered":"S\u00e9rgio Luiz Lopes"},"content":{"rendered":"\n<figure class=\"wp-block-pullquote\"><blockquote><p>P\u00f3s-doutor pela na Universidade Federal de Sergipe (UFS-2017 at\u00e9 mar\u00e7o de 2018). Professor Adjunto I do Curso de Educa\u00e7\u00e3o do Campo, da Universidade Federal de Roraima (UFRR). Doutor em Educa\u00e7\u00e3o pela Universidade Federal de Sergipe (UFS), na base Forma\u00e7\u00e3o de Educadores: Saberes e Compet\u00eancias, coordenada pelo prof. Dr. Bernard Charlot (PARIS VIII-UFS), dentre outros. Mestre em Ci\u00eancias Sociais pela Universidade Federal do Rio Grande do Norte (UFRN). Professor das seguintes disciplinas na gradua\u00e7\u00e3o de Educa\u00e7\u00e3o do Campo: Sociologia, TCC-1, Metodologia do Ensino de Sociologia e Est\u00e1gio em Sociologia. Professor do mestrado em Educa\u00e7\u00e3o: Educa\u00e7\u00e3o do Campo e Interculturalidade (Mestrado em Educa\u00e7\u00e3o, conv\u00eanio entre a Universidade Estadual de Roraima (UERR) &#8211; Instituto Federal de Roraima &#8211; IFRR). \u00c9 coordenador do Curso de Licenciatura em Educa\u00e7\u00e3o do Campo-UFRR.<\/p><\/blockquote><\/figure>\n\n\n\n<p>\u25cf Pa\u00eds: <strong>Brasil<\/strong><br>\u25cf Institui\u00e7\u00e3o: <strong>UFRR<\/strong><br>\u25cf Orcid: <a href=\"https:\/\/orcid.org\/0000-0001-8802-7897?lang=pt\" data-type=\"URL\" data-id=\"https:\/\/orcid.org\/0000-0001-8802-7897?lang=pt\">https:\/\/orcid.org\/0000-0001-8802-7897?lang=pt<\/a><br>\u25cf Lattes: <a href=\"https:\/\/wwws.cnpq.br\/cvlattesweb\/PKG_MENU.menu?f_cod=5A74804CA3389563EB6DD1DB0A18E036#\" data-type=\"URL\" data-id=\"https:\/\/wwws.cnpq.br\/cvlattesweb\/PKG_MENU.menu?f_cod=5A74804CA3389563EB6DD1DB0A18E036#\">https:\/\/wwws.cnpq.br\/cvlattesweb\/PKG_MENU.menu?f_cod=5A74804CA3389563EB6DD1DB0A18E036#<\/a><br>\u25cf Participa\u00e7\u00e3o: <strong>Conferencista<\/strong><br>\u25cf Confer\u00eancia Nacional: <strong>\u201cEduca\u00e7\u00e3o Escolar no Contexto da Pandemia.\u201d<\/strong><br>\u25cf Data: <strong>23\/09\/2021<\/strong><br>\u25cf Hor\u00e1rio: <strong>17h00<\/strong><\/p>\n","protected":false},"excerpt":{"rendered":"<p>P\u00f3s-doutor pela na Universidade Federal de Sergipe (UFS-2017 at\u00e9 mar\u00e7o de 2018). Professor Adjunto I do Curso de Educa\u00e7\u00e3o do [&hellip;]<\/p>\n","protected":false},"author":2,"featured_media":1205,"comment_status":"open","ping_status":"open","sticky":false,"template":"","format":"standard","meta":{"site-sidebar-layout":"default","site-content-layout":"","ast-site-content-layout":"default","site-content-style":"default","site-sidebar-style":"default","ast-global-header-display":"","ast-banner-title-visibility":"","ast-main-header-display":"","ast-hfb-above-header-display":"","ast-hfb-below-header-display":"","ast-hfb-mobile-header-display":"","site-post-title":"","ast-breadcrumbs-content":"","ast-featured-img":"","footer-sml-layout":"","theme-transparent-header-meta":"","adv-header-id-meta":"","stick-header-meta":"","header-above-stick-meta":"","header-main-stick-meta":"","header-below-stick-meta":"","astra-migrate-meta-layouts":"default","ast-page-background-enabled":"default","ast-page-background-meta":{"desktop":{"background-color":"var(--ast-global-color-5)","background-image":"","background-repeat":"repeat","background-position":"center center","background-size":"auto","background-attachment":"scroll","background-type":"","background-media":"","overlay-type":"","overlay-color":"","overlay-opacity":"","overlay-gradient":""},"tablet":{"background-color":"","background-image":"","background-repeat":"repeat","background-position":"center center","background-size":"auto","background-attachment":"scroll","background-type":"","background-media":"","overlay-type":"","overlay-color":"","overlay-opacity":"","overlay-gradient":""},"mobile":{"background-color":"","background-image":"","background-repeat":"repeat","background-position":"center center","background-size":"auto","background-attachment":"scroll","background-type":"","background-media":"","overlay-type":"","overlay-color":"","overlay-opacity":"","overlay-gradient":""}},"ast-content-background-meta":{"desktop":{"background-color":"var(--ast-global-color-4)","background-image":"","background-repeat":"repeat","background-position":"center center","background-size":"auto","background-attachment":"scroll","background-type":"","background-media":"","overlay-type":"","overlay-color":"","overlay-opacity":"","overlay-gradient":""},"tablet":{"background-color":"var(--ast-global-color-4)","background-image":"","background-repeat":"repeat","background-position":"center center","background-size":"auto","background-attachment":"scroll","background-type":"","background-media":"","overlay-type":"","overlay-color":"","overlay-opacity":"","overlay-gradient":""},"mobile":{"background-color":"var(--ast-global-color-4)","background-image":"","background-repeat":"repeat","background-position":"center center","background-size":"auto","background-attachment":"scroll","background-type":"","background-media":"","overlay-type":"","overlay-color":"","overlay-opacity":"","overlay-gradient":""}},"footnotes":""},"categories":[4],"tags":[33,89,90,119,208],"class_list":["post-1204","post","type-post","status-publish","format-standard","has-post-thumbnail","hentry","category-conferencista","tag-23-9-2021-tarde","tag-conferencia-nacional","tag-conferencista-educon2021","tag-educon2021","tag-sergio-luiz-lopes"],"_links":{"self":[{"href":"https:\/\/coloquioeducon.com\/xvii\/wp-json\/wp\/v2\/posts\/1204","targetHints":{"allow":["GET"]}}],"collection":[{"href":"https:\/\/coloquioeducon.com\/xvii\/wp-json\/wp\/v2\/posts"}],"about":[{"href":"https:\/\/coloquioeducon.com\/xvii\/wp-json\/wp\/v2\/types\/post"}],"author":[{"embeddable":true,"href":"https:\/\/coloquioeducon.com\/xvii\/wp-json\/wp\/v2\/users\/2"}],"replies":[{"embeddable":true,"href":"https:\/\/coloquioeducon.com\/xvii\/wp-json\/wp\/v2\/comments?post=1204"}],"version-history":[{"count":0,"href":"https:\/\/coloquioeducon.com\/xvii\/wp-json\/wp\/v2\/posts\/1204\/revisions"}],"wp:featuredmedia":[{"embeddable":true,"href":"https:\/\/coloquioeducon.com\/xvii\/wp-json\/wp\/v2\/media\/1205"}],"wp:attachment":[{"href":"https:\/\/coloquioeducon.com\/xvii\/wp-json\/wp\/v2\/media?parent=1204"}],"wp:term":[{"taxonomy":"category","embeddable":true,"href":"https:\/\/coloquioeducon.com\/xvii\/wp-json\/wp\/v2\/categories?post=1204"},{"taxonomy":"post_tag","embeddable":true,"href":"https:\/\/coloquioeducon.com\/xvii\/wp-json\/wp\/v2\/tags?post=1204"}],"curies":[{"name":"wp","href":"https:\/\/api.w.org\/{rel}","templated":true}]}}