{"id":1123,"date":"2021-06-01T20:34:03","date_gmt":"2021-06-01T23:34:03","guid":{"rendered":"https:\/\/coloquioeducon.com\/xv\/?p=1123"},"modified":"2021-06-01T20:34:03","modified_gmt":"2021-06-01T23:34:03","slug":"sarah-c-lucena","status":"publish","type":"post","link":"https:\/\/coloquioeducon.com\/xvii\/2021\/06\/01\/sarah-c-lucena\/","title":{"rendered":"Sarah C. Lucena"},"content":{"rendered":"\n<figure class=\"wp-block-pullquote\"><blockquote><p>Sarah C. Lucena \u00e9 professora de l\u00ednguas e culturas brasileira e espanhola na Georgetown University. Doutora em Romance Languages pela University of Georgia e mestre em Literatura pela Universidade Federal de Pernambuco, pesquisa o Nordeste brasileiro a partir da representa\u00e7\u00e3o das nordestinas. Trabalha com portugu\u00eas para estrangeiros nos Estados Unidos desde 2013. Atualmente ensina PLE, cinema brasileiro e cultura latino-americana.<\/p><\/blockquote><\/figure>\n\n\n\n<ul class=\"wp-block-list\"><li>Pa\u00eds: <strong>Brasil\/USA<\/strong><\/li><li>Institui\u00e7\u00e3o:<strong> Georgetown University<\/strong><\/li><li>Orcid: <a href=\"https:\/\/orcid.org\/0000-0002-4183-6803\" data-type=\"URL\" data-id=\"https:\/\/orcid.org\/0000-0002-4183-6803\">https:\/\/orcid.org\/0000-0002-4183-6803<\/a><\/li><li>Lattes:<strong> <\/strong><a href=\"http:\/\/lattes.cnpq.br\/3481164751272535\" data-type=\"URL\" data-id=\"http:\/\/lattes.cnpq.br\/3481164751272535\">http:\/\/lattes.cnpq.br\/3481164751272535<\/a><\/li><li>Participa\u00e7\u00e3o:<strong> Conferencista<\/strong><\/li><li>Mesa Redonda Internacional:<strong> <em>\u201cO Ensino de Portugu\u00eas como L\u00edngua Estrangeira em Universidades Estadunidenses: Pandemia, Desafios e Solu\u00e7\u00f5es\u201d<\/em><\/strong><\/li><li>Data:<strong> 23\/09\/2021<\/strong><\/li><li>Hor\u00e1rio:<strong> 14h00<\/strong><\/li><\/ul>\n\n\n\n<p><\/p>\n","protected":false},"excerpt":{"rendered":"<p>Sarah C. Lucena \u00e9 professora de l\u00ednguas e culturas brasileira e espanhola na Georgetown University. Doutora em Romance Languages pela [&hellip;]<\/p>\n","protected":false},"author":2,"featured_media":1124,"comment_status":"open","ping_status":"open","sticky":false,"template":"","format":"standard","meta":{"site-sidebar-layout":"default","site-content-layout":"","ast-site-content-layout":"default","site-content-style":"default","site-sidebar-style":"default","ast-global-header-display":"","ast-banner-title-visibility":"","ast-main-header-display":"","ast-hfb-above-header-display":"","ast-hfb-below-header-display":"","ast-hfb-mobile-header-display":"","site-post-title":"","ast-breadcrumbs-content":"","ast-featured-img":"","footer-sml-layout":"","theme-transparent-header-meta":"","adv-header-id-meta":"","stick-header-meta":"","header-above-stick-meta":"","header-main-stick-meta":"","header-below-stick-meta":"","astra-migrate-meta-layouts":"default","ast-page-background-enabled":"default","ast-page-background-meta":{"desktop":{"background-color":"var(--ast-global-color-5)","background-image":"","background-repeat":"repeat","background-position":"center center","background-size":"auto","background-attachment":"scroll","background-type":"","background-media":"","overlay-type":"","overlay-color":"","overlay-opacity":"","overlay-gradient":""},"tablet":{"background-color":"","background-image":"","background-repeat":"repeat","background-position":"center center","background-size":"auto","background-attachment":"scroll","background-type":"","background-media":"","overlay-type":"","overlay-color":"","overlay-opacity":"","overlay-gradient":""},"mobile":{"background-color":"","background-image":"","background-repeat":"repeat","background-position":"center center","background-size":"auto","background-attachment":"scroll","background-type":"","background-media":"","overlay-type":"","overlay-color":"","overlay-opacity":"","overlay-gradient":""}},"ast-content-background-meta":{"desktop":{"background-color":"var(--ast-global-color-4)","background-image":"","background-repeat":"repeat","background-position":"center center","background-size":"auto","background-attachment":"scroll","background-type":"","background-media":"","overlay-type":"","overlay-color":"","overlay-opacity":"","overlay-gradient":""},"tablet":{"background-color":"var(--ast-global-color-4)","background-image":"","background-repeat":"repeat","background-position":"center center","background-size":"auto","background-attachment":"scroll","background-type":"","background-media":"","overlay-type":"","overlay-color":"","overlay-opacity":"","overlay-gradient":""},"mobile":{"background-color":"var(--ast-global-color-4)","background-image":"","background-repeat":"repeat","background-position":"center center","background-size":"auto","background-attachment":"scroll","background-type":"","background-media":"","overlay-type":"","overlay-color":"","overlay-opacity":"","overlay-gradient":""}},"footnotes":""},"categories":[4],"tags":[33,90,119,183,205],"class_list":["post-1123","post","type-post","status-publish","format-standard","has-post-thumbnail","hentry","category-conferencista","tag-23-9-2021-tarde","tag-conferencista-educon2021","tag-educon2021","tag-mesa-redonda-internacional","tag-sarah-c-lucena"],"_links":{"self":[{"href":"https:\/\/coloquioeducon.com\/xvii\/wp-json\/wp\/v2\/posts\/1123","targetHints":{"allow":["GET"]}}],"collection":[{"href":"https:\/\/coloquioeducon.com\/xvii\/wp-json\/wp\/v2\/posts"}],"about":[{"href":"https:\/\/coloquioeducon.com\/xvii\/wp-json\/wp\/v2\/types\/post"}],"author":[{"embeddable":true,"href":"https:\/\/coloquioeducon.com\/xvii\/wp-json\/wp\/v2\/users\/2"}],"replies":[{"embeddable":true,"href":"https:\/\/coloquioeducon.com\/xvii\/wp-json\/wp\/v2\/comments?post=1123"}],"version-history":[{"count":0,"href":"https:\/\/coloquioeducon.com\/xvii\/wp-json\/wp\/v2\/posts\/1123\/revisions"}],"wp:featuredmedia":[{"embeddable":true,"href":"https:\/\/coloquioeducon.com\/xvii\/wp-json\/wp\/v2\/media\/1124"}],"wp:attachment":[{"href":"https:\/\/coloquioeducon.com\/xvii\/wp-json\/wp\/v2\/media?parent=1123"}],"wp:term":[{"taxonomy":"category","embeddable":true,"href":"https:\/\/coloquioeducon.com\/xvii\/wp-json\/wp\/v2\/categories?post=1123"},{"taxonomy":"post_tag","embeddable":true,"href":"https:\/\/coloquioeducon.com\/xvii\/wp-json\/wp\/v2\/tags?post=1123"}],"curies":[{"name":"wp","href":"https:\/\/api.w.org\/{rel}","templated":true}]}}