{"id":1110,"date":"2021-06-01T20:11:22","date_gmt":"2021-06-01T23:11:22","guid":{"rendered":"https:\/\/coloquioeducon.com\/xv\/?p=1110"},"modified":"2021-06-01T20:11:22","modified_gmt":"2021-06-01T23:11:22","slug":"myrna-f-landim","status":"publish","type":"post","link":"https:\/\/coloquioeducon.com\/xvii\/2021\/06\/01\/myrna-f-landim\/","title":{"rendered":"Myrna F. Landim"},"content":{"rendered":"\n<figure class=\"wp-block-pullquote\"><blockquote><p>Graduada em Ci\u00eancias Biol\u00f3gicas (Universidade Federal do Rio de Janeiro), mestre em Ecologia (Universidade de Bras\u00edlia) e doutora em Recursos Naturais (Universitaet Bremen). Atualmente \u00e9 Professor Titular aposentada, trabalhando de forma volunt\u00e1ria junto ao Departamento de Biologia e ao N\u00facleo de P\u00f3s-Gradua\u00e7\u00e3o em Ensino de Ci\u00eancias e Matem\u00e1tica (NPGECIMA) da Universidade Federal de Sergipe. Tem forma\u00e7\u00e3o e experi\u00eancia na \u00e1rea de Ecologia, ensino de Ci\u00eancias e divulga\u00e7\u00e3o cient\u00edfica.<\/p><\/blockquote><\/figure>\n\n\n\n<ul class=\"wp-block-list\"><li>Pa\u00eds: <strong>Brasil<\/strong><\/li><li>Institui\u00e7\u00e3o:<strong> Universidade Federal de Sergipe<\/strong><\/li><li>Orcid: <a href=\"https:\/\/orcid.org\/0000-0002-0263-9532\" data-type=\"URL\" data-id=\"https:\/\/orcid.org\/0000-0002-0263-9532\">https:\/\/orcid.org\/0000-0002-0263-9532<\/a><\/li><li>Lattes:<strong> <\/strong><a href=\"http:\/\/buscatextual.cnpq.br\/buscatextual\/visualizacv.do?id=K4728940H3\" data-type=\"URL\" data-id=\"http:\/\/buscatextual.cnpq.br\/buscatextual\/visualizacv.do?id=K4728940H3\">http:\/\/buscatextual.cnpq.br\/buscatextual\/visualizacv.do?id=K4728940H3<\/a><\/li><li><em>Site<\/em>:<strong> <\/strong><a href=\"http:\/\/myrnalandim.org\/\" data-type=\"URL\" data-id=\"http:\/\/myrnalandim.org\/\">http:\/\/myrnalandim.org\/<\/a><\/li><li>Participa\u00e7\u00e3o:<strong> Coordenadora<\/strong><\/li><li>Mesa Redonda Nacional:<strong> <em>\u201cAgroecologia no ensino de ecologia: desafios atuais e perspectivas.\u201d<\/em><\/strong><\/li><li>Data:<strong> 22\/09\/2021<\/strong><\/li><li>Hor\u00e1rio:<strong> 19h00<\/strong><\/li><\/ul>\n\n\n\n<p><\/p>\n","protected":false},"excerpt":{"rendered":"<p>Graduada em Ci\u00eancias Biol\u00f3gicas (Universidade Federal do Rio de Janeiro), mestre em Ecologia (Universidade de Bras\u00edlia) e doutora em Recursos [&hellip;]<\/p>\n","protected":false},"author":2,"featured_media":1111,"comment_status":"open","ping_status":"open","sticky":false,"template":"","format":"standard","meta":{"site-sidebar-layout":"default","site-content-layout":"","ast-site-content-layout":"default","site-content-style":"default","site-sidebar-style":"default","ast-global-header-display":"","ast-banner-title-visibility":"","ast-main-header-display":"","ast-hfb-above-header-display":"","ast-hfb-below-header-display":"","ast-hfb-mobile-header-display":"","site-post-title":"","ast-breadcrumbs-content":"","ast-featured-img":"","footer-sml-layout":"","theme-transparent-header-meta":"","adv-header-id-meta":"","stick-header-meta":"","header-above-stick-meta":"","header-main-stick-meta":"","header-below-stick-meta":"","astra-migrate-meta-layouts":"default","ast-page-background-enabled":"default","ast-page-background-meta":{"desktop":{"background-color":"var(--ast-global-color-5)","background-image":"","background-repeat":"repeat","background-position":"center center","background-size":"auto","background-attachment":"scroll","background-type":"","background-media":"","overlay-type":"","overlay-color":"","overlay-opacity":"","overlay-gradient":""},"tablet":{"background-color":"","background-image":"","background-repeat":"repeat","background-position":"center center","background-size":"auto","background-attachment":"scroll","background-type":"","background-media":"","overlay-type":"","overlay-color":"","overlay-opacity":"","overlay-gradient":""},"mobile":{"background-color":"","background-image":"","background-repeat":"repeat","background-position":"center center","background-size":"auto","background-attachment":"scroll","background-type":"","background-media":"","overlay-type":"","overlay-color":"","overlay-opacity":"","overlay-gradient":""}},"ast-content-background-meta":{"desktop":{"background-color":"var(--ast-global-color-4)","background-image":"","background-repeat":"repeat","background-position":"center center","background-size":"auto","background-attachment":"scroll","background-type":"","background-media":"","overlay-type":"","overlay-color":"","overlay-opacity":"","overlay-gradient":""},"tablet":{"background-color":"var(--ast-global-color-4)","background-image":"","background-repeat":"repeat","background-position":"center center","background-size":"auto","background-attachment":"scroll","background-type":"","background-media":"","overlay-type":"","overlay-color":"","overlay-opacity":"","overlay-gradient":""},"mobile":{"background-color":"var(--ast-global-color-4)","background-image":"","background-repeat":"repeat","background-position":"center center","background-size":"auto","background-attachment":"scroll","background-type":"","background-media":"","overlay-type":"","overlay-color":"","overlay-opacity":"","overlay-gradient":""}},"footnotes":""},"categories":[5],"tags":[22,94,119,184,186],"class_list":["post-1110","post","type-post","status-publish","format-standard","has-post-thumbnail","hentry","category-coordenadores-de-mesas","tag-22-09-2021-noite","tag-coordenadores-mesas-educon2021","tag-educon2021","tag-mesa-redonda-nacional","tag-myrna-f-landim"],"_links":{"self":[{"href":"https:\/\/coloquioeducon.com\/xvii\/wp-json\/wp\/v2\/posts\/1110","targetHints":{"allow":["GET"]}}],"collection":[{"href":"https:\/\/coloquioeducon.com\/xvii\/wp-json\/wp\/v2\/posts"}],"about":[{"href":"https:\/\/coloquioeducon.com\/xvii\/wp-json\/wp\/v2\/types\/post"}],"author":[{"embeddable":true,"href":"https:\/\/coloquioeducon.com\/xvii\/wp-json\/wp\/v2\/users\/2"}],"replies":[{"embeddable":true,"href":"https:\/\/coloquioeducon.com\/xvii\/wp-json\/wp\/v2\/comments?post=1110"}],"version-history":[{"count":0,"href":"https:\/\/coloquioeducon.com\/xvii\/wp-json\/wp\/v2\/posts\/1110\/revisions"}],"wp:featuredmedia":[{"embeddable":true,"href":"https:\/\/coloquioeducon.com\/xvii\/wp-json\/wp\/v2\/media\/1111"}],"wp:attachment":[{"href":"https:\/\/coloquioeducon.com\/xvii\/wp-json\/wp\/v2\/media?parent=1110"}],"wp:term":[{"taxonomy":"category","embeddable":true,"href":"https:\/\/coloquioeducon.com\/xvii\/wp-json\/wp\/v2\/categories?post=1110"},{"taxonomy":"post_tag","embeddable":true,"href":"https:\/\/coloquioeducon.com\/xvii\/wp-json\/wp\/v2\/tags?post=1110"}],"curies":[{"name":"wp","href":"https:\/\/api.w.org\/{rel}","templated":true}]}}