{"id":1107,"date":"2021-06-01T19:41:35","date_gmt":"2021-06-01T22:41:35","guid":{"rendered":"https:\/\/coloquioeducon.com\/xv\/?p=1107"},"modified":"2021-06-01T19:41:35","modified_gmt":"2021-06-01T22:41:35","slug":"maria-jose-nascimento-soares","status":"publish","type":"post","link":"https:\/\/coloquioeducon.com\/xvii\/2021\/06\/01\/maria-jose-nascimento-soares\/","title":{"rendered":"Maria Jos\u00e9 Nascimento Soares"},"content":{"rendered":"\n<figure class=\"wp-block-pullquote\"><blockquote><p>Graduada em Licenciatura Plena em Pedagogia pela Universidade Federal de Sergipe (1991), Mestrado em Educa\u00e7\u00e3o pela Universidade Federal de Sergipe (1996) e Doutorado em Educa\u00e7\u00e3o pela Universidade Federal do Rio Grande do Norte (2006). Atualmente \u00e9 professora Associado IV da Universidade Federal de Sergipe. Tem experi\u00eancia na \u00e1rea de forma\u00e7\u00e3o de profissionais na Educa\u00e7\u00e3o b\u00e1sica e no ensino Superior, com \u00eanfase em Did\u00e1tica, M\u00e9todos e T\u00e9cnicas de Ensino, atuando principalmente nos seguintes temas: educa\u00e7\u00e3o e sustentabilidade, meio ambiente e interdisciplinaridade, educa\u00e7\u00e3o ambiental, pr\u00e1tica pedag\u00f3gica, educa\u00e7\u00e3o escolar e n\u00e3o escolar, forma\u00e7\u00e3o de profissionais na abordagem interdisciplinar no \u00e2mbito das Ci\u00eancias Ambientais. Coordena o Programa de P\u00f3s-Gradua\u00e7\u00e3o em Desenvolvimento e Meio Ambiente da Universidade Federal de Sergipe e atua na assessoria da equipe multidisciplinar dos cursos a dist\u00e2ncia da UFS<\/p><\/blockquote><\/figure>\n\n\n\n<ul class=\"wp-block-list\"><li>Pa\u00eds: <strong>Brasil<\/strong><\/li><li>Institui\u00e7\u00e3o:<strong> UNIVERSIDADE FEDERAL DE SERGIPE<\/strong><\/li><li>Orcid: <a href=\"https:\/\/orcid.org\/0000-0001-7879-4769\" data-type=\"URL\" data-id=\"https:\/\/orcid.org\/0000-0001-7879-4769\">https:\/\/orcid.org\/0000-0001-7879-4769<\/a><\/li><li>Lattes:<strong> <\/strong><a href=\"http:\/\/lattes.cnpq.br\/8392706159125796\" data-type=\"URL\" data-id=\"http:\/\/lattes.cnpq.br\/8392706159125796\">http:\/\/lattes.cnpq.br\/8392706159125796<\/a><\/li><li>Participa\u00e7\u00e3o: <strong>Coordenador<\/strong><\/li><li>Mesa Redonda Nacional:<strong> <em>\u201cEduca\u00e7\u00e3o Escolar no Contexto da Pandemia\u201d<\/em><\/strong><\/li><li>Data:<strong> 23\/09\/2021<\/strong><\/li><li>Hor\u00e1rio:<strong> 17h00<\/strong><\/li><\/ul>\n\n\n\n<p><\/p>\n","protected":false},"excerpt":{"rendered":"<p>Graduada em Licenciatura Plena em Pedagogia pela Universidade Federal de Sergipe (1991), Mestrado em Educa\u00e7\u00e3o pela Universidade Federal de Sergipe [&hellip;]<\/p>\n","protected":false},"author":2,"featured_media":1108,"comment_status":"open","ping_status":"open","sticky":false,"template":"","format":"standard","meta":{"site-sidebar-layout":"default","site-content-layout":"","ast-site-content-layout":"default","site-content-style":"default","site-sidebar-style":"default","ast-global-header-display":"","ast-banner-title-visibility":"","ast-main-header-display":"","ast-hfb-above-header-display":"","ast-hfb-below-header-display":"","ast-hfb-mobile-header-display":"","site-post-title":"","ast-breadcrumbs-content":"","ast-featured-img":"","footer-sml-layout":"","theme-transparent-header-meta":"","adv-header-id-meta":"","stick-header-meta":"","header-above-stick-meta":"","header-main-stick-meta":"","header-below-stick-meta":"","astra-migrate-meta-layouts":"default","ast-page-background-enabled":"default","ast-page-background-meta":{"desktop":{"background-color":"var(--ast-global-color-5)","background-image":"","background-repeat":"repeat","background-position":"center center","background-size":"auto","background-attachment":"scroll","background-type":"","background-media":"","overlay-type":"","overlay-color":"","overlay-opacity":"","overlay-gradient":""},"tablet":{"background-color":"","background-image":"","background-repeat":"repeat","background-position":"center center","background-size":"auto","background-attachment":"scroll","background-type":"","background-media":"","overlay-type":"","overlay-color":"","overlay-opacity":"","overlay-gradient":""},"mobile":{"background-color":"","background-image":"","background-repeat":"repeat","background-position":"center center","background-size":"auto","background-attachment":"scroll","background-type":"","background-media":"","overlay-type":"","overlay-color":"","overlay-opacity":"","overlay-gradient":""}},"ast-content-background-meta":{"desktop":{"background-color":"var(--ast-global-color-4)","background-image":"","background-repeat":"repeat","background-position":"center center","background-size":"auto","background-attachment":"scroll","background-type":"","background-media":"","overlay-type":"","overlay-color":"","overlay-opacity":"","overlay-gradient":""},"tablet":{"background-color":"var(--ast-global-color-4)","background-image":"","background-repeat":"repeat","background-position":"center center","background-size":"auto","background-attachment":"scroll","background-type":"","background-media":"","overlay-type":"","overlay-color":"","overlay-opacity":"","overlay-gradient":""},"mobile":{"background-color":"var(--ast-global-color-4)","background-image":"","background-repeat":"repeat","background-position":"center center","background-size":"auto","background-attachment":"scroll","background-type":"","background-media":"","overlay-type":"","overlay-color":"","overlay-opacity":"","overlay-gradient":""}},"footnotes":""},"categories":[5],"tags":[33,94,119,175,184],"class_list":["post-1107","post","type-post","status-publish","format-standard","has-post-thumbnail","hentry","category-coordenadores-de-mesas","tag-23-9-2021-tarde","tag-coordenadores-mesas-educon2021","tag-educon2021","tag-maria-jose-nascimento-soares","tag-mesa-redonda-nacional"],"_links":{"self":[{"href":"https:\/\/coloquioeducon.com\/xvii\/wp-json\/wp\/v2\/posts\/1107","targetHints":{"allow":["GET"]}}],"collection":[{"href":"https:\/\/coloquioeducon.com\/xvii\/wp-json\/wp\/v2\/posts"}],"about":[{"href":"https:\/\/coloquioeducon.com\/xvii\/wp-json\/wp\/v2\/types\/post"}],"author":[{"embeddable":true,"href":"https:\/\/coloquioeducon.com\/xvii\/wp-json\/wp\/v2\/users\/2"}],"replies":[{"embeddable":true,"href":"https:\/\/coloquioeducon.com\/xvii\/wp-json\/wp\/v2\/comments?post=1107"}],"version-history":[{"count":0,"href":"https:\/\/coloquioeducon.com\/xvii\/wp-json\/wp\/v2\/posts\/1107\/revisions"}],"wp:featuredmedia":[{"embeddable":true,"href":"https:\/\/coloquioeducon.com\/xvii\/wp-json\/wp\/v2\/media\/1108"}],"wp:attachment":[{"href":"https:\/\/coloquioeducon.com\/xvii\/wp-json\/wp\/v2\/media?parent=1107"}],"wp:term":[{"taxonomy":"category","embeddable":true,"href":"https:\/\/coloquioeducon.com\/xvii\/wp-json\/wp\/v2\/categories?post=1107"},{"taxonomy":"post_tag","embeddable":true,"href":"https:\/\/coloquioeducon.com\/xvii\/wp-json\/wp\/v2\/tags?post=1107"}],"curies":[{"name":"wp","href":"https:\/\/api.w.org\/{rel}","templated":true}]}}