{"id":1103,"date":"2021-06-01T19:29:05","date_gmt":"2021-06-01T22:29:05","guid":{"rendered":"https:\/\/coloquioeducon.com\/xv\/?p=1103"},"modified":"2021-06-01T19:29:05","modified_gmt":"2021-06-01T22:29:05","slug":"maria-celeste-reis-fernandes-de-souza","status":"publish","type":"post","link":"https:\/\/coloquioeducon.com\/xvii\/2021\/06\/01\/maria-celeste-reis-fernandes-de-souza\/","title":{"rendered":"Maria Celeste Reis Fernandes de Souza"},"content":{"rendered":"\n<figure class=\"wp-block-pullquote\"><blockquote><p>Pedagoga, Doutora em Educa\u00e7\u00e3o pela Universidade Federal de Minas Gerais, com P\u00f3s-Doutoramento em Educa\u00e7\u00e3o pela Universidade Federal de Sergipe. Docente do Programa de P\u00f3s-gradua\u00e7\u00e3o Interdisciplinar em Gest\u00e3o Integrada do Territ\u00f3rio &#8211; GIT, da Universidade Vale do Rio Doce- UNIVALE. Pesquisadora dos Grupos de Pesquisa: Educa\u00e7\u00e3o e Contemporaneidade (UFS); N\u00facleo Interdicisplinar em Educa\u00e7\u00e3o, Sa\u00fade e Direitos (UNIVALE) e Grupo de Estudos sobre Numeramento (UFMG).<\/p><\/blockquote><\/figure>\n\n\n\n<ul class=\"wp-block-list\"><li>Pa\u00eds: <strong>Brasil<\/strong><\/li><li>Institui\u00e7\u00e3o:<strong> Universidade Vale do Rio Doce (Univale)<\/strong><\/li><li>Orcid: <a href=\"https:\/\/orcid.org\/0000-0001-6955-5854\" data-type=\"URL\" data-id=\"https:\/\/orcid.org\/0000-0001-6955-5854\">https:\/\/orcid.org\/0000-0001-6955-5854<\/a><\/li><li>Lattes:<strong> <\/strong><a href=\"http:\/\/lattes.cnpq.br\/2703384157059932\" data-type=\"URL\" data-id=\"http:\/\/lattes.cnpq.br\/2703384157059932\">http:\/\/lattes.cnpq.br\/2703384157059932<\/a><\/li><li>Participa\u00e7\u00e3o:<strong> Conferencista<\/strong><\/li><li>Confer\u00eancia Nacional:<strong> <em>&#8220;Rela\u00e7\u00e3o com o saber e territ\u00f3rio &#8211; possibilidades interdisciplinares&#8221;<\/em><\/strong><\/li><li>Data:<strong> 22\/09\/2021<\/strong><\/li><li>Hor\u00e1rio:<strong> 19h00<\/strong><\/li><\/ul>\n\n\n\n<p><\/p>\n","protected":false},"excerpt":{"rendered":"<p>Pedagoga, Doutora em Educa\u00e7\u00e3o pela Universidade Federal de Minas Gerais, com P\u00f3s-Doutoramento em Educa\u00e7\u00e3o pela Universidade Federal de Sergipe. Docente [&hellip;]<\/p>\n","protected":false},"author":2,"featured_media":1104,"comment_status":"open","ping_status":"open","sticky":false,"template":"","format":"standard","meta":{"site-sidebar-layout":"default","site-content-layout":"","ast-site-content-layout":"default","site-content-style":"default","site-sidebar-style":"default","ast-global-header-display":"","ast-banner-title-visibility":"","ast-main-header-display":"","ast-hfb-above-header-display":"","ast-hfb-below-header-display":"","ast-hfb-mobile-header-display":"","site-post-title":"","ast-breadcrumbs-content":"","ast-featured-img":"","footer-sml-layout":"","theme-transparent-header-meta":"","adv-header-id-meta":"","stick-header-meta":"","header-above-stick-meta":"","header-main-stick-meta":"","header-below-stick-meta":"","astra-migrate-meta-layouts":"default","ast-page-background-enabled":"default","ast-page-background-meta":{"desktop":{"background-color":"var(--ast-global-color-5)","background-image":"","background-repeat":"repeat","background-position":"center center","background-size":"auto","background-attachment":"scroll","background-type":"","background-media":"","overlay-type":"","overlay-color":"","overlay-opacity":"","overlay-gradient":""},"tablet":{"background-color":"","background-image":"","background-repeat":"repeat","background-position":"center center","background-size":"auto","background-attachment":"scroll","background-type":"","background-media":"","overlay-type":"","overlay-color":"","overlay-opacity":"","overlay-gradient":""},"mobile":{"background-color":"","background-image":"","background-repeat":"repeat","background-position":"center center","background-size":"auto","background-attachment":"scroll","background-type":"","background-media":"","overlay-type":"","overlay-color":"","overlay-opacity":"","overlay-gradient":""}},"ast-content-background-meta":{"desktop":{"background-color":"var(--ast-global-color-4)","background-image":"","background-repeat":"repeat","background-position":"center center","background-size":"auto","background-attachment":"scroll","background-type":"","background-media":"","overlay-type":"","overlay-color":"","overlay-opacity":"","overlay-gradient":""},"tablet":{"background-color":"var(--ast-global-color-4)","background-image":"","background-repeat":"repeat","background-position":"center center","background-size":"auto","background-attachment":"scroll","background-type":"","background-media":"","overlay-type":"","overlay-color":"","overlay-opacity":"","overlay-gradient":""},"mobile":{"background-color":"var(--ast-global-color-4)","background-image":"","background-repeat":"repeat","background-position":"center center","background-size":"auto","background-attachment":"scroll","background-type":"","background-media":"","overlay-type":"","overlay-color":"","overlay-opacity":"","overlay-gradient":""}},"footnotes":""},"categories":[4],"tags":[22,89,90,119,174],"class_list":["post-1103","post","type-post","status-publish","format-standard","has-post-thumbnail","hentry","category-conferencista","tag-22-09-2021-noite","tag-conferencia-nacional","tag-conferencista-educon2021","tag-educon2021","tag-maria-celeste-reis-fernandes-de-souza"],"_links":{"self":[{"href":"https:\/\/coloquioeducon.com\/xvii\/wp-json\/wp\/v2\/posts\/1103","targetHints":{"allow":["GET"]}}],"collection":[{"href":"https:\/\/coloquioeducon.com\/xvii\/wp-json\/wp\/v2\/posts"}],"about":[{"href":"https:\/\/coloquioeducon.com\/xvii\/wp-json\/wp\/v2\/types\/post"}],"author":[{"embeddable":true,"href":"https:\/\/coloquioeducon.com\/xvii\/wp-json\/wp\/v2\/users\/2"}],"replies":[{"embeddable":true,"href":"https:\/\/coloquioeducon.com\/xvii\/wp-json\/wp\/v2\/comments?post=1103"}],"version-history":[{"count":0,"href":"https:\/\/coloquioeducon.com\/xvii\/wp-json\/wp\/v2\/posts\/1103\/revisions"}],"wp:featuredmedia":[{"embeddable":true,"href":"https:\/\/coloquioeducon.com\/xvii\/wp-json\/wp\/v2\/media\/1104"}],"wp:attachment":[{"href":"https:\/\/coloquioeducon.com\/xvii\/wp-json\/wp\/v2\/media?parent=1103"}],"wp:term":[{"taxonomy":"category","embeddable":true,"href":"https:\/\/coloquioeducon.com\/xvii\/wp-json\/wp\/v2\/categories?post=1103"},{"taxonomy":"post_tag","embeddable":true,"href":"https:\/\/coloquioeducon.com\/xvii\/wp-json\/wp\/v2\/tags?post=1103"}],"curies":[{"name":"wp","href":"https:\/\/api.w.org\/{rel}","templated":true}]}}