{"id":1096,"date":"2021-06-01T19:10:11","date_gmt":"2021-06-01T22:10:11","guid":{"rendered":"https:\/\/coloquioeducon.com\/xv\/?p=1096"},"modified":"2021-06-01T19:10:11","modified_gmt":"2021-06-01T22:10:11","slug":"maria-amelia-do-rosario-santoro-franco","status":"publish","type":"post","link":"https:\/\/coloquioeducon.com\/xvii\/2021\/06\/01\/maria-amelia-do-rosario-santoro-franco\/","title":{"rendered":"Maria Amelia do Rosario Santoro Franco"},"content":{"rendered":"\n<figure class=\"wp-block-pullquote\"><blockquote><p>Pedagoga, P\u00f3s-graduada em Psicologia da Educa\u00e7\u00e3o (PUC-SP); Administra\u00e7\u00e3o Escolar (PUCCAMP); Avalia\u00e7\u00e3o Educacional (UNB). Mestre em Psicologia da Educa\u00e7\u00e3o (PUC-SP); doutora em Educa\u00e7\u00e3o (USP, 2001) e p\u00f3s-doutora em Pedagogia (UFS \u00c9 pesquisadora2 do CNPq. L\u00edder do grupo de pesquisa: Pedagogia Cr\u00edtica: Pesquisa e Forma\u00e7\u00e3o, junto \u00e0 Universidade Cat\u00f3lica de Santos, onde atua como pesquisadora\/professora. Autora de v\u00e1rios livros sobre Pedagogia, dentre os quais: Pedagogia como Ci\u00eancia da Educa\u00e7\u00e3o e Pedagogia e Pr\u00e1tica Docente<\/p><\/blockquote><\/figure>\n\n\n\n<ul class=\"wp-block-list\"><li>Pa\u00eds: <strong>Brasil<\/strong><\/li><li>Institui\u00e7\u00e3o:<strong> Universidade Cat\u00f3lica de Santos e CNPq<\/strong><\/li><li>Orcid: <a href=\"http:\/\/orcid.org\/0000-0003-3867-5452\" data-type=\"URL\" data-id=\"http:\/\/orcid.org\/0000-0003-3867-5452\">http:\/\/orcid.org\/0000-0003-3867-5452<\/a><\/li><li>Lattes:<strong> <\/strong><a href=\"http:\/\/lattes.cnpq.br\/3600560690195448\" data-type=\"URL\" data-id=\"http:\/\/lattes.cnpq.br\/3600560690195448\">http:\/\/lattes.cnpq.br\/3600560690195448<\/a><\/li><li>Participa\u00e7\u00e3o:<strong> Coordenadora<\/strong><\/li><li>Confer\u00eancia Internacional:<strong> <em>\u201cPor uma Pedagogia do Di\u00e1logo\u201d<\/em><\/strong><\/li><li>Data:<strong> 24\/09\/2021<\/strong><\/li><li>Hor\u00e1rio:<strong> 10h00<\/strong><\/li><\/ul>\n\n\n\n<p><\/p>\n","protected":false},"excerpt":{"rendered":"<p>Pedagoga, P\u00f3s-graduada em Psicologia da Educa\u00e7\u00e3o (PUC-SP); Administra\u00e7\u00e3o Escolar (PUCCAMP); Avalia\u00e7\u00e3o Educacional (UNB). Mestre em Psicologia da Educa\u00e7\u00e3o (PUC-SP); doutora [&hellip;]<\/p>\n","protected":false},"author":2,"featured_media":1097,"comment_status":"open","ping_status":"open","sticky":false,"template":"","format":"standard","meta":{"site-sidebar-layout":"default","site-content-layout":"","ast-site-content-layout":"default","site-content-style":"default","site-sidebar-style":"default","ast-global-header-display":"","ast-banner-title-visibility":"","ast-main-header-display":"","ast-hfb-above-header-display":"","ast-hfb-below-header-display":"","ast-hfb-mobile-header-display":"","site-post-title":"","ast-breadcrumbs-content":"","ast-featured-img":"","footer-sml-layout":"","theme-transparent-header-meta":"","adv-header-id-meta":"","stick-header-meta":"","header-above-stick-meta":"","header-main-stick-meta":"","header-below-stick-meta":"","astra-migrate-meta-layouts":"default","ast-page-background-enabled":"default","ast-page-background-meta":{"desktop":{"background-color":"var(--ast-global-color-5)","background-image":"","background-repeat":"repeat","background-position":"center center","background-size":"auto","background-attachment":"scroll","background-type":"","background-media":"","overlay-type":"","overlay-color":"","overlay-opacity":"","overlay-gradient":""},"tablet":{"background-color":"","background-image":"","background-repeat":"repeat","background-position":"center center","background-size":"auto","background-attachment":"scroll","background-type":"","background-media":"","overlay-type":"","overlay-color":"","overlay-opacity":"","overlay-gradient":""},"mobile":{"background-color":"","background-image":"","background-repeat":"repeat","background-position":"center center","background-size":"auto","background-attachment":"scroll","background-type":"","background-media":"","overlay-type":"","overlay-color":"","overlay-opacity":"","overlay-gradient":""}},"ast-content-background-meta":{"desktop":{"background-color":"var(--ast-global-color-4)","background-image":"","background-repeat":"repeat","background-position":"center center","background-size":"auto","background-attachment":"scroll","background-type":"","background-media":"","overlay-type":"","overlay-color":"","overlay-opacity":"","overlay-gradient":""},"tablet":{"background-color":"var(--ast-global-color-4)","background-image":"","background-repeat":"repeat","background-position":"center center","background-size":"auto","background-attachment":"scroll","background-type":"","background-media":"","overlay-type":"","overlay-color":"","overlay-opacity":"","overlay-gradient":""},"mobile":{"background-color":"var(--ast-global-color-4)","background-image":"","background-repeat":"repeat","background-position":"center center","background-size":"auto","background-attachment":"scroll","background-type":"","background-media":"","overlay-type":"","overlay-color":"","overlay-opacity":"","overlay-gradient":""}},"footnotes":""},"categories":[5],"tags":[37,88,94,119,173],"class_list":["post-1096","post","type-post","status-publish","format-standard","has-post-thumbnail","hentry","category-coordenadores-de-mesas","tag-24-9-2021-manha","tag-conferencia-internacional","tag-coordenadores-mesas-educon2021","tag-educon2021","tag-maria-amelia-do-rosario-santoro-franco"],"_links":{"self":[{"href":"https:\/\/coloquioeducon.com\/xvii\/wp-json\/wp\/v2\/posts\/1096","targetHints":{"allow":["GET"]}}],"collection":[{"href":"https:\/\/coloquioeducon.com\/xvii\/wp-json\/wp\/v2\/posts"}],"about":[{"href":"https:\/\/coloquioeducon.com\/xvii\/wp-json\/wp\/v2\/types\/post"}],"author":[{"embeddable":true,"href":"https:\/\/coloquioeducon.com\/xvii\/wp-json\/wp\/v2\/users\/2"}],"replies":[{"embeddable":true,"href":"https:\/\/coloquioeducon.com\/xvii\/wp-json\/wp\/v2\/comments?post=1096"}],"version-history":[{"count":0,"href":"https:\/\/coloquioeducon.com\/xvii\/wp-json\/wp\/v2\/posts\/1096\/revisions"}],"wp:featuredmedia":[{"embeddable":true,"href":"https:\/\/coloquioeducon.com\/xvii\/wp-json\/wp\/v2\/media\/1097"}],"wp:attachment":[{"href":"https:\/\/coloquioeducon.com\/xvii\/wp-json\/wp\/v2\/media?parent=1096"}],"wp:term":[{"taxonomy":"category","embeddable":true,"href":"https:\/\/coloquioeducon.com\/xvii\/wp-json\/wp\/v2\/categories?post=1096"},{"taxonomy":"post_tag","embeddable":true,"href":"https:\/\/coloquioeducon.com\/xvii\/wp-json\/wp\/v2\/tags?post=1096"}],"curies":[{"name":"wp","href":"https:\/\/api.w.org\/{rel}","templated":true}]}}