{"id":1092,"date":"2021-06-01T18:30:39","date_gmt":"2021-06-01T21:30:39","guid":{"rendered":"https:\/\/coloquioeducon.com\/xv\/?p=1092"},"modified":"2021-06-01T18:30:39","modified_gmt":"2021-06-01T21:30:39","slug":"marcelo-eduardo-pfeiffer-castellanos","status":"publish","type":"post","link":"https:\/\/coloquioeducon.com\/xvii\/2021\/06\/01\/marcelo-eduardo-pfeiffer-castellanos\/","title":{"rendered":"Marcelo Eduardo Pfeiffer Castellanos"},"content":{"rendered":"\n<figure class=\"wp-block-pullquote\"><blockquote><p>Realizou p\u00f3s-doutorado em sociologia na Universit\u00e9 Pierre-Mend\u00e8s-France, com o apoio da CAPES, desenvolvendo estudos sobre adoecimento cr\u00f4nico, vulnerabilidade e<br>desigualdades em sa\u00fade. Possui bacharelado em Ci\u00eancias Sociais (1996) e doutorado (2007) em Sa\u00fade Coletiva pela UNICAMP. Atualmente, \u00e9 professor associado no<br>Instituto de Sa\u00fade Coletiva, Universidade Federal da Bahia. Integra o Programa de Estudos em Doen\u00e7as Cr\u00f4nicas N\u00e3o-Transmiss\u00edveis, Curso de Vida e Envelhecimento &#8211;<br>UFBA, grupo de pesquisa cadastrado no CNPq. Principais interesses de pesquisa: sociologia do adoecimento cr\u00f4nico, narrativas de adoecimento, forma\u00e7\u00e3o em sa\u00fade.<\/p><\/blockquote><\/figure>\n\n\n\n<ul class=\"wp-block-list\"><li>Pa\u00eds: <strong>Brasil<\/strong><\/li><li>Institui\u00e7\u00e3o:<strong> INSTITUTO DE SA\u00daDE COLETIVA &#8211; UNIVERSIDADE FEDERAL DA BAHIA<\/strong><\/li><li>Orcid: <a href=\"https:\/\/orcid.org\/0000-0002-4977-5574\">https:\/\/orcid.org\/0000-0002-4977-5574<\/a><\/li><li>Lattes:<strong> <\/strong><a href=\"http:\/\/lattes.cnpq.br\/2362003480109394\">http:\/\/lattes.cnpq.br\/2362003480109394<\/a><\/li><li>Participa\u00e7\u00e3o:<strong> Conferencista<\/strong><\/li><li>Mesa Redonda Internacional:<strong> <em>\u201cSa\u00fade e Humanidades: di\u00e1logos entre etno-pesquisas, pandemia Covid-19 e educa\u00e7\u00e3o.\u201d<\/em><\/strong><\/li><li>Data:<strong> 24\/09\/2021<\/strong><\/li><li>Hor\u00e1rio:<strong> 15h30<\/strong><\/li><\/ul>\n","protected":false},"excerpt":{"rendered":"<p>Realizou p\u00f3s-doutorado em sociologia na Universit\u00e9 Pierre-Mend\u00e8s-France, com o apoio da CAPES, desenvolvendo estudos sobre adoecimento cr\u00f4nico, vulnerabilidade edesigualdades em [&hellip;]<\/p>\n","protected":false},"author":2,"featured_media":1093,"comment_status":"open","ping_status":"open","sticky":false,"template":"","format":"standard","meta":{"site-sidebar-layout":"default","site-content-layout":"","ast-site-content-layout":"default","site-content-style":"default","site-sidebar-style":"default","ast-global-header-display":"","ast-banner-title-visibility":"","ast-main-header-display":"","ast-hfb-above-header-display":"","ast-hfb-below-header-display":"","ast-hfb-mobile-header-display":"","site-post-title":"","ast-breadcrumbs-content":"","ast-featured-img":"","footer-sml-layout":"","theme-transparent-header-meta":"","adv-header-id-meta":"","stick-header-meta":"","header-above-stick-meta":"","header-main-stick-meta":"","header-below-stick-meta":"","astra-migrate-meta-layouts":"default","ast-page-background-enabled":"default","ast-page-background-meta":{"desktop":{"background-color":"var(--ast-global-color-5)","background-image":"","background-repeat":"repeat","background-position":"center center","background-size":"auto","background-attachment":"scroll","background-type":"","background-media":"","overlay-type":"","overlay-color":"","overlay-opacity":"","overlay-gradient":""},"tablet":{"background-color":"","background-image":"","background-repeat":"repeat","background-position":"center center","background-size":"auto","background-attachment":"scroll","background-type":"","background-media":"","overlay-type":"","overlay-color":"","overlay-opacity":"","overlay-gradient":""},"mobile":{"background-color":"","background-image":"","background-repeat":"repeat","background-position":"center center","background-size":"auto","background-attachment":"scroll","background-type":"","background-media":"","overlay-type":"","overlay-color":"","overlay-opacity":"","overlay-gradient":""}},"ast-content-background-meta":{"desktop":{"background-color":"var(--ast-global-color-4)","background-image":"","background-repeat":"repeat","background-position":"center center","background-size":"auto","background-attachment":"scroll","background-type":"","background-media":"","overlay-type":"","overlay-color":"","overlay-opacity":"","overlay-gradient":""},"tablet":{"background-color":"var(--ast-global-color-4)","background-image":"","background-repeat":"repeat","background-position":"center center","background-size":"auto","background-attachment":"scroll","background-type":"","background-media":"","overlay-type":"","overlay-color":"","overlay-opacity":"","overlay-gradient":""},"mobile":{"background-color":"var(--ast-global-color-4)","background-image":"","background-repeat":"repeat","background-position":"center center","background-size":"auto","background-attachment":"scroll","background-type":"","background-media":"","overlay-type":"","overlay-color":"","overlay-opacity":"","overlay-gradient":""}},"footnotes":""},"categories":[4],"tags":[35,90,119,170,183],"class_list":["post-1092","post","type-post","status-publish","format-standard","has-post-thumbnail","hentry","category-conferencista","tag-24-09-2021-tarde","tag-conferencista-educon2021","tag-educon2021","tag-marcelo-eduardo-pfeiffer-castellanos","tag-mesa-redonda-internacional"],"_links":{"self":[{"href":"https:\/\/coloquioeducon.com\/xvii\/wp-json\/wp\/v2\/posts\/1092","targetHints":{"allow":["GET"]}}],"collection":[{"href":"https:\/\/coloquioeducon.com\/xvii\/wp-json\/wp\/v2\/posts"}],"about":[{"href":"https:\/\/coloquioeducon.com\/xvii\/wp-json\/wp\/v2\/types\/post"}],"author":[{"embeddable":true,"href":"https:\/\/coloquioeducon.com\/xvii\/wp-json\/wp\/v2\/users\/2"}],"replies":[{"embeddable":true,"href":"https:\/\/coloquioeducon.com\/xvii\/wp-json\/wp\/v2\/comments?post=1092"}],"version-history":[{"count":0,"href":"https:\/\/coloquioeducon.com\/xvii\/wp-json\/wp\/v2\/posts\/1092\/revisions"}],"wp:featuredmedia":[{"embeddable":true,"href":"https:\/\/coloquioeducon.com\/xvii\/wp-json\/wp\/v2\/media\/1093"}],"wp:attachment":[{"href":"https:\/\/coloquioeducon.com\/xvii\/wp-json\/wp\/v2\/media?parent=1092"}],"wp:term":[{"taxonomy":"category","embeddable":true,"href":"https:\/\/coloquioeducon.com\/xvii\/wp-json\/wp\/v2\/categories?post=1092"},{"taxonomy":"post_tag","embeddable":true,"href":"https:\/\/coloquioeducon.com\/xvii\/wp-json\/wp\/v2\/tags?post=1092"}],"curies":[{"name":"wp","href":"https:\/\/api.w.org\/{rel}","templated":true}]}}