{"id":1084,"date":"2021-05-31T22:46:53","date_gmt":"2021-06-01T01:46:53","guid":{"rendered":"https:\/\/coloquioeducon.com\/xv\/?p=1084"},"modified":"2021-05-31T22:46:53","modified_gmt":"2021-06-01T01:46:53","slug":"ines-barbosa-de-oliveira","status":"publish","type":"post","link":"https:\/\/coloquioeducon.com\/xvii\/2021\/05\/31\/ines-barbosa-de-oliveira\/","title":{"rendered":"Ines Barbosa de Oliveira"},"content":{"rendered":"\n<figure class=\"wp-block-pullquote\"><blockquote><p>Doutora em \u201cSciences Et Th\u00e9ories de L&#8217;\u00e9ducation\u201d pela Universit\u00e9 de Sciences Humaines de Strasbourg (1993). P\u00f3s-doutora pelo Centro de Estudos Sociais da Universidade de Coimbra (2002). Diploma de \u00ab Habilitation \u00e0 Diriger des Recherches \u00bb (HDR) pela Universit\u00e9 de Rouen (Fran\u00e7a, 2013). Professora Adjunta do Programa de P\u00f3s-gradua\u00e7\u00e3o em Educa\u00e7\u00e3o (PPGE) da UNESA, Professora titular aposentada da Universidade do Estado do Rio de Janeiro (UERJ).<\/p><\/blockquote><\/figure>\n\n\n\n<ul class=\"wp-block-list\"><li>Pa\u00eds: <strong>Brasil<\/strong><\/li><li>Institui\u00e7\u00e3o:<strong> Universidade Est\u00e1cio de S\u00e1<\/strong><\/li><li>Orcid: <a href=\"http:\/\/orcid.org\/0000-0003-4101-3919\" data-type=\"URL\" data-id=\"http:\/\/orcid.org\/0000-0003-4101-3919\">http:\/\/orcid.org\/0000-0003-4101-3919<\/a><\/li><li>Lattes:<strong> <\/strong><a href=\"http:\/\/lattes.cnpq.br\/0323845315267858\" data-type=\"URL\" data-id=\"http:\/\/lattes.cnpq.br\/0323845315267858\">http:\/\/lattes.cnpq.br\/0323845315267858<\/a><\/li><li>Participa\u00e7\u00e3o:<strong> Conferencista<\/strong><\/li><li>Confer\u00eancia Nacional:<strong> <em>\u201cOs desafios da escolariza\u00e7\u00e3o online para os curr\u00edculos nos cotidianos escolares\u201d<\/em><\/strong><\/li><li>Data:<strong> 24\/09\/2021<\/strong><\/li><li>Hor\u00e1rio:<strong> 14h00<\/strong><\/li><\/ul>\n\n\n\n<p><\/p>\n","protected":false},"excerpt":{"rendered":"<p>Doutora em \u201cSciences Et Th\u00e9ories de L&#8217;\u00e9ducation\u201d pela Universit\u00e9 de Sciences Humaines de Strasbourg (1993). P\u00f3s-doutora pelo Centro de Estudos [&hellip;]<\/p>\n","protected":false},"author":2,"featured_media":1085,"comment_status":"open","ping_status":"open","sticky":false,"template":"","format":"standard","meta":{"site-sidebar-layout":"default","site-content-layout":"","ast-site-content-layout":"default","site-content-style":"default","site-sidebar-style":"default","ast-global-header-display":"","ast-banner-title-visibility":"","ast-main-header-display":"","ast-hfb-above-header-display":"","ast-hfb-below-header-display":"","ast-hfb-mobile-header-display":"","site-post-title":"","ast-breadcrumbs-content":"","ast-featured-img":"","footer-sml-layout":"","theme-transparent-header-meta":"","adv-header-id-meta":"","stick-header-meta":"","header-above-stick-meta":"","header-main-stick-meta":"","header-below-stick-meta":"","astra-migrate-meta-layouts":"default","ast-page-background-enabled":"default","ast-page-background-meta":{"desktop":{"background-color":"var(--ast-global-color-5)","background-image":"","background-repeat":"repeat","background-position":"center center","background-size":"auto","background-attachment":"scroll","background-type":"","background-media":"","overlay-type":"","overlay-color":"","overlay-opacity":"","overlay-gradient":""},"tablet":{"background-color":"","background-image":"","background-repeat":"repeat","background-position":"center center","background-size":"auto","background-attachment":"scroll","background-type":"","background-media":"","overlay-type":"","overlay-color":"","overlay-opacity":"","overlay-gradient":""},"mobile":{"background-color":"","background-image":"","background-repeat":"repeat","background-position":"center center","background-size":"auto","background-attachment":"scroll","background-type":"","background-media":"","overlay-type":"","overlay-color":"","overlay-opacity":"","overlay-gradient":""}},"ast-content-background-meta":{"desktop":{"background-color":"var(--ast-global-color-4)","background-image":"","background-repeat":"repeat","background-position":"center center","background-size":"auto","background-attachment":"scroll","background-type":"","background-media":"","overlay-type":"","overlay-color":"","overlay-opacity":"","overlay-gradient":""},"tablet":{"background-color":"var(--ast-global-color-4)","background-image":"","background-repeat":"repeat","background-position":"center center","background-size":"auto","background-attachment":"scroll","background-type":"","background-media":"","overlay-type":"","overlay-color":"","overlay-opacity":"","overlay-gradient":""},"mobile":{"background-color":"var(--ast-global-color-4)","background-image":"","background-repeat":"repeat","background-position":"center center","background-size":"auto","background-attachment":"scroll","background-type":"","background-media":"","overlay-type":"","overlay-color":"","overlay-opacity":"","overlay-gradient":""}},"footnotes":""},"categories":[4],"tags":[35,89,90,119,147],"class_list":["post-1084","post","type-post","status-publish","format-standard","has-post-thumbnail","hentry","category-conferencista","tag-24-09-2021-tarde","tag-conferencia-nacional","tag-conferencista-educon2021","tag-educon2021","tag-ines-barbosa-de-oliveira"],"_links":{"self":[{"href":"https:\/\/coloquioeducon.com\/xvii\/wp-json\/wp\/v2\/posts\/1084","targetHints":{"allow":["GET"]}}],"collection":[{"href":"https:\/\/coloquioeducon.com\/xvii\/wp-json\/wp\/v2\/posts"}],"about":[{"href":"https:\/\/coloquioeducon.com\/xvii\/wp-json\/wp\/v2\/types\/post"}],"author":[{"embeddable":true,"href":"https:\/\/coloquioeducon.com\/xvii\/wp-json\/wp\/v2\/users\/2"}],"replies":[{"embeddable":true,"href":"https:\/\/coloquioeducon.com\/xvii\/wp-json\/wp\/v2\/comments?post=1084"}],"version-history":[{"count":0,"href":"https:\/\/coloquioeducon.com\/xvii\/wp-json\/wp\/v2\/posts\/1084\/revisions"}],"wp:featuredmedia":[{"embeddable":true,"href":"https:\/\/coloquioeducon.com\/xvii\/wp-json\/wp\/v2\/media\/1085"}],"wp:attachment":[{"href":"https:\/\/coloquioeducon.com\/xvii\/wp-json\/wp\/v2\/media?parent=1084"}],"wp:term":[{"taxonomy":"category","embeddable":true,"href":"https:\/\/coloquioeducon.com\/xvii\/wp-json\/wp\/v2\/categories?post=1084"},{"taxonomy":"post_tag","embeddable":true,"href":"https:\/\/coloquioeducon.com\/xvii\/wp-json\/wp\/v2\/tags?post=1084"}],"curies":[{"name":"wp","href":"https:\/\/api.w.org\/{rel}","templated":true}]}}