{"id":1081,"date":"2021-05-31T22:31:49","date_gmt":"2021-06-01T01:31:49","guid":{"rendered":"https:\/\/coloquioeducon.com\/xv\/?p=1081"},"modified":"2021-05-31T22:31:49","modified_gmt":"2021-06-01T01:31:49","slug":"francisco-neto-pereira-pinto","status":"publish","type":"post","link":"https:\/\/coloquioeducon.com\/xvii\/2021\/05\/31\/francisco-neto-pereira-pinto\/","title":{"rendered":"Francisco Neto Pereira Pinto"},"content":{"rendered":"\n<figure class=\"wp-block-pullquote\"><blockquote><p>Psicanalista. Escritor. Doutor em Ensino de L\u00edngua e Literatura. Professor Colaborador do Programa de P\u00f3s-Gradua\u00e7\u00e3o em Demandas Populares e Din\u00e2micas Regionais, da Universidade Federal do Norte do Tocantins, e Professor no Centro Universit\u00e1rio Presidente Ant\u00f4nio Carlos, campus de Aragua\u00edna. \u00c9 um dos organizadores do livro Ensino da Literatura no Contexto Contempor\u00e2neo.<\/p><\/blockquote><\/figure>\n\n\n\n<ul class=\"wp-block-list\"><li>Pa\u00eds: <strong>Brasil<\/strong><\/li><li>Institui\u00e7\u00e3o:<strong> Centro Universit\u00e1rio Presidente Ant\u00f4nio Carlos &#8211; Unitpac<\/strong><\/li><li>Orcid: <a href=\"https:\/\/orcid.org\/0000-0003-1452-4027\" data-type=\"URL\" data-id=\"https:\/\/orcid.org\/0000-0003-1452-4027\">https:\/\/orcid.org\/0000-0003-1452-4027<\/a><\/li><li>Lattes:<strong> <\/strong><a href=\"http:\/\/lattes.cnpq.br\/4163741997960101\" data-type=\"URL\" data-id=\"http:\/\/lattes.cnpq.br\/4163741997960101\">http:\/\/lattes.cnpq.br\/4163741997960101<\/a><\/li><li>Redes sociais: <a href=\"https:\/\/www.instagram.com\/francisconetopereirapinto\/?hl=pt-br\" data-type=\"URL\" data-id=\"https:\/\/www.instagram.com\/francisconetopereirapinto\/?hl=pt-br\">https:\/\/www.instagram.com\/francisconetopereirapinto\/?hl=pt-br<\/a><\/li><li>Participa\u00e7\u00e3o:<strong> Conferencista<\/strong><\/li><li>Mesa Redonda Nacional:<strong> <em>\u201cEnsino de Literatura na Contemporaneidade\u201d<\/em><\/strong><\/li><li>Data:<strong> 22\/09\/2021<\/strong><\/li><li>Hor\u00e1rio:<strong>17h00<\/strong><\/li><\/ul>\n\n\n\n<p><\/p>\n","protected":false},"excerpt":{"rendered":"<p>Psicanalista. Escritor. Doutor em Ensino de L\u00edngua e Literatura. Professor Colaborador do Programa de P\u00f3s-Gradua\u00e7\u00e3o em Demandas Populares e Din\u00e2micas [&hellip;]<\/p>\n","protected":false},"author":2,"featured_media":1082,"comment_status":"open","ping_status":"open","sticky":false,"template":"","format":"standard","meta":{"site-sidebar-layout":"default","site-content-layout":"","ast-site-content-layout":"default","site-content-style":"default","site-sidebar-style":"default","ast-global-header-display":"","ast-banner-title-visibility":"","ast-main-header-display":"","ast-hfb-above-header-display":"","ast-hfb-below-header-display":"","ast-hfb-mobile-header-display":"","site-post-title":"","ast-breadcrumbs-content":"","ast-featured-img":"","footer-sml-layout":"","theme-transparent-header-meta":"","adv-header-id-meta":"","stick-header-meta":"","header-above-stick-meta":"","header-main-stick-meta":"","header-below-stick-meta":"","astra-migrate-meta-layouts":"default","ast-page-background-enabled":"default","ast-page-background-meta":{"desktop":{"background-color":"var(--ast-global-color-5)","background-image":"","background-repeat":"repeat","background-position":"center center","background-size":"auto","background-attachment":"scroll","background-type":"","background-media":"","overlay-type":"","overlay-color":"","overlay-opacity":"","overlay-gradient":""},"tablet":{"background-color":"","background-image":"","background-repeat":"repeat","background-position":"center center","background-size":"auto","background-attachment":"scroll","background-type":"","background-media":"","overlay-type":"","overlay-color":"","overlay-opacity":"","overlay-gradient":""},"mobile":{"background-color":"","background-image":"","background-repeat":"repeat","background-position":"center center","background-size":"auto","background-attachment":"scroll","background-type":"","background-media":"","overlay-type":"","overlay-color":"","overlay-opacity":"","overlay-gradient":""}},"ast-content-background-meta":{"desktop":{"background-color":"var(--ast-global-color-4)","background-image":"","background-repeat":"repeat","background-position":"center center","background-size":"auto","background-attachment":"scroll","background-type":"","background-media":"","overlay-type":"","overlay-color":"","overlay-opacity":"","overlay-gradient":""},"tablet":{"background-color":"var(--ast-global-color-4)","background-image":"","background-repeat":"repeat","background-position":"center center","background-size":"auto","background-attachment":"scroll","background-type":"","background-media":"","overlay-type":"","overlay-color":"","overlay-opacity":"","overlay-gradient":""},"mobile":{"background-color":"var(--ast-global-color-4)","background-image":"","background-repeat":"repeat","background-position":"center center","background-size":"auto","background-attachment":"scroll","background-type":"","background-media":"","overlay-type":"","overlay-color":"","overlay-opacity":"","overlay-gradient":""}},"footnotes":""},"categories":[4],"tags":[26,90,119,141,184],"class_list":["post-1081","post","type-post","status-publish","format-standard","has-post-thumbnail","hentry","category-conferencista","tag-22-9-2021-tarde","tag-conferencista-educon2021","tag-educon2021","tag-francisco-neto-pereira-pinto","tag-mesa-redonda-nacional"],"_links":{"self":[{"href":"https:\/\/coloquioeducon.com\/xvii\/wp-json\/wp\/v2\/posts\/1081","targetHints":{"allow":["GET"]}}],"collection":[{"href":"https:\/\/coloquioeducon.com\/xvii\/wp-json\/wp\/v2\/posts"}],"about":[{"href":"https:\/\/coloquioeducon.com\/xvii\/wp-json\/wp\/v2\/types\/post"}],"author":[{"embeddable":true,"href":"https:\/\/coloquioeducon.com\/xvii\/wp-json\/wp\/v2\/users\/2"}],"replies":[{"embeddable":true,"href":"https:\/\/coloquioeducon.com\/xvii\/wp-json\/wp\/v2\/comments?post=1081"}],"version-history":[{"count":0,"href":"https:\/\/coloquioeducon.com\/xvii\/wp-json\/wp\/v2\/posts\/1081\/revisions"}],"wp:featuredmedia":[{"embeddable":true,"href":"https:\/\/coloquioeducon.com\/xvii\/wp-json\/wp\/v2\/media\/1082"}],"wp:attachment":[{"href":"https:\/\/coloquioeducon.com\/xvii\/wp-json\/wp\/v2\/media?parent=1081"}],"wp:term":[{"taxonomy":"category","embeddable":true,"href":"https:\/\/coloquioeducon.com\/xvii\/wp-json\/wp\/v2\/categories?post=1081"},{"taxonomy":"post_tag","embeddable":true,"href":"https:\/\/coloquioeducon.com\/xvii\/wp-json\/wp\/v2\/tags?post=1081"}],"curies":[{"name":"wp","href":"https:\/\/api.w.org\/{rel}","templated":true}]}}