{"id":1076,"date":"2021-05-31T22:23:20","date_gmt":"2021-06-01T01:23:20","guid":{"rendered":"https:\/\/coloquioeducon.com\/xv\/?p=1076"},"modified":"2021-05-31T22:23:20","modified_gmt":"2021-06-01T01:23:20","slug":"fabio-gomes-rocha","status":"publish","type":"post","link":"https:\/\/coloquioeducon.com\/xvii\/2021\/05\/31\/fabio-gomes-rocha\/","title":{"rendered":"Fabio Gomes Rocha"},"content":{"rendered":"\n<figure class=\"wp-block-pullquote\"><blockquote><p>Doutor em Educa\u00e7\u00e3o, Pesquisador do Instituto de Tecnologia e Pesquisa, Professor na Universidade Tiradentes, possui 23 anos de experi\u00eancia no mercado de TI e 22 anos como docente. Atualmente pesquisa as tecnologias aplicadas a pesquisa em educa\u00e7\u00e3o e a rela\u00e7\u00e3o de impacto nas pesquisas.<\/p><\/blockquote><\/figure>\n\n\n\n<ul class=\"wp-block-list\"><li>Pa\u00eds: <strong>Brasil<\/strong><\/li><li>Institui\u00e7\u00e3o:<strong> Universidade Tiradentes \/ Instituto de Tecnologia e Pesquisa \/ Universidade Federal de Sergipe<\/strong><\/li><li>Orcid: <a href=\"https:\/\/orcid.org\/0000-0002-0512-5406\" data-type=\"URL\" data-id=\"https:\/\/orcid.org\/0000-0002-0512-5406\">https:\/\/orcid.org\/0000-0002-0512-5406<\/a><\/li><li>Lattes:<strong> <\/strong><a href=\"http:\/\/lattes.cnpq.br\/3161449561865597\" data-type=\"URL\" data-id=\"http:\/\/lattes.cnpq.br\/3161449561865597\">http:\/\/lattes.cnpq.br\/3161449561865597<\/a><\/li><li><em>Site<\/em>:<strong> <\/strong><a href=\"http:\/\/www.fabiogomesrocha.com\" data-type=\"URL\" data-id=\"http:\/\/www.fabiogomesrocha.com\">http:\/\/www.fabiogomesrocha.com<\/a><\/li><li>Redes sociais:<strong> <a href=\"https:\/\/www.linkedin.com\/in\/fabiorgomesocha\/\">https:\/\/www.linkedin.com\/in\/fabiorgomesocha\/<\/a>; <a href=\"https:\/\/www.facebook.com\/prof.fabiogomesrocha\">https:\/\/www.facebook.com\/prof.fabiogomesrocha<\/a><\/strong><\/li><li>Participa\u00e7\u00e3o:<strong> Conferencista<\/strong><\/li><li>Mesa Redonda Internacional:<strong> <em>\u201cHumanidades Digitais e o novo Horizonte Metodol\u00f3gico na Pesquisa Educacional\u201d<\/em><\/strong><\/li><li>Data:<strong> 23\/09\/2021<\/strong><\/li><li>Hor\u00e1rio:<strong> 14h00<\/strong><\/li><\/ul>\n\n\n\n<p><\/p>\n","protected":false},"excerpt":{"rendered":"<p>Doutor em Educa\u00e7\u00e3o, Pesquisador do Instituto de Tecnologia e Pesquisa, Professor na Universidade Tiradentes, possui 23 anos de experi\u00eancia no [&hellip;]<\/p>\n","protected":false},"author":2,"featured_media":1078,"comment_status":"open","ping_status":"open","sticky":false,"template":"","format":"standard","meta":{"site-sidebar-layout":"default","site-content-layout":"","ast-site-content-layout":"default","site-content-style":"default","site-sidebar-style":"default","ast-global-header-display":"","ast-banner-title-visibility":"","ast-main-header-display":"","ast-hfb-above-header-display":"","ast-hfb-below-header-display":"","ast-hfb-mobile-header-display":"","site-post-title":"","ast-breadcrumbs-content":"","ast-featured-img":"","footer-sml-layout":"","theme-transparent-header-meta":"","adv-header-id-meta":"","stick-header-meta":"","header-above-stick-meta":"","header-main-stick-meta":"","header-below-stick-meta":"","astra-migrate-meta-layouts":"default","ast-page-background-enabled":"default","ast-page-background-meta":{"desktop":{"background-color":"var(--ast-global-color-5)","background-image":"","background-repeat":"repeat","background-position":"center center","background-size":"auto","background-attachment":"scroll","background-type":"","background-media":"","overlay-type":"","overlay-color":"","overlay-opacity":"","overlay-gradient":""},"tablet":{"background-color":"","background-image":"","background-repeat":"repeat","background-position":"center center","background-size":"auto","background-attachment":"scroll","background-type":"","background-media":"","overlay-type":"","overlay-color":"","overlay-opacity":"","overlay-gradient":""},"mobile":{"background-color":"","background-image":"","background-repeat":"repeat","background-position":"center center","background-size":"auto","background-attachment":"scroll","background-type":"","background-media":"","overlay-type":"","overlay-color":"","overlay-opacity":"","overlay-gradient":""}},"ast-content-background-meta":{"desktop":{"background-color":"var(--ast-global-color-4)","background-image":"","background-repeat":"repeat","background-position":"center center","background-size":"auto","background-attachment":"scroll","background-type":"","background-media":"","overlay-type":"","overlay-color":"","overlay-opacity":"","overlay-gradient":""},"tablet":{"background-color":"var(--ast-global-color-4)","background-image":"","background-repeat":"repeat","background-position":"center center","background-size":"auto","background-attachment":"scroll","background-type":"","background-media":"","overlay-type":"","overlay-color":"","overlay-opacity":"","overlay-gradient":""},"mobile":{"background-color":"var(--ast-global-color-4)","background-image":"","background-repeat":"repeat","background-position":"center center","background-size":"auto","background-attachment":"scroll","background-type":"","background-media":"","overlay-type":"","overlay-color":"","overlay-opacity":"","overlay-gradient":""}},"footnotes":""},"categories":[4],"tags":[33,90,119,136,183],"class_list":["post-1076","post","type-post","status-publish","format-standard","has-post-thumbnail","hentry","category-conferencista","tag-23-9-2021-tarde","tag-conferencista-educon2021","tag-educon2021","tag-fabio-gomes-rocha","tag-mesa-redonda-internacional"],"_links":{"self":[{"href":"https:\/\/coloquioeducon.com\/xvii\/wp-json\/wp\/v2\/posts\/1076","targetHints":{"allow":["GET"]}}],"collection":[{"href":"https:\/\/coloquioeducon.com\/xvii\/wp-json\/wp\/v2\/posts"}],"about":[{"href":"https:\/\/coloquioeducon.com\/xvii\/wp-json\/wp\/v2\/types\/post"}],"author":[{"embeddable":true,"href":"https:\/\/coloquioeducon.com\/xvii\/wp-json\/wp\/v2\/users\/2"}],"replies":[{"embeddable":true,"href":"https:\/\/coloquioeducon.com\/xvii\/wp-json\/wp\/v2\/comments?post=1076"}],"version-history":[{"count":0,"href":"https:\/\/coloquioeducon.com\/xvii\/wp-json\/wp\/v2\/posts\/1076\/revisions"}],"wp:featuredmedia":[{"embeddable":true,"href":"https:\/\/coloquioeducon.com\/xvii\/wp-json\/wp\/v2\/media\/1078"}],"wp:attachment":[{"href":"https:\/\/coloquioeducon.com\/xvii\/wp-json\/wp\/v2\/media?parent=1076"}],"wp:term":[{"taxonomy":"category","embeddable":true,"href":"https:\/\/coloquioeducon.com\/xvii\/wp-json\/wp\/v2\/categories?post=1076"},{"taxonomy":"post_tag","embeddable":true,"href":"https:\/\/coloquioeducon.com\/xvii\/wp-json\/wp\/v2\/tags?post=1076"}],"curies":[{"name":"wp","href":"https:\/\/api.w.org\/{rel}","templated":true}]}}