{"id":1069,"date":"2021-05-31T22:10:10","date_gmt":"2021-06-01T01:10:10","guid":{"rendered":"https:\/\/coloquioeducon.com\/xv\/?p=1069"},"modified":"2021-05-31T22:10:10","modified_gmt":"2021-06-01T01:10:10","slug":"elione-maria-nogueira-diogenes","status":"publish","type":"post","link":"https:\/\/coloquioeducon.com\/xvii\/2021\/05\/31\/elione-maria-nogueira-diogenes\/","title":{"rendered":"Elione Maria Nogueira Di\u00f3genes"},"content":{"rendered":"\n<figure class=\"wp-block-pullquote\"><blockquote><p>Professora Associada II, do Centro de Educa\u00e7\u00e3o, da Universidade Federal de Alagoas, com atua\u00e7\u00e3o nos cursos de Licenciaturas. \u00c9 professora permanente do Programa de P\u00f3s-Gradua\u00e7\u00e3o em Educa\u00e7\u00e3o e professora-colaboradora do Programa de P\u00f3s-Gradua\u00e7\u00e3o em Avalia\u00e7\u00e3o de Pol\u00edticas P\u00fablicas (Universidade Federal do Cear\u00e1).<\/p><\/blockquote><\/figure>\n\n\n\n<ul class=\"wp-block-list\"><li>Pa\u00eds: <strong>Brasil<\/strong><\/li><li>Institui\u00e7\u00e3o:<strong> Universidade Federal de Alagoas<\/strong><\/li><li>Orcid: <a href=\"https:\/\/orcid.org\/0000-0002-9237-6667\">https:\/\/orcid.org\/0000-0002-9237-6667<\/a><\/li><li>Lattes:<strong> <\/strong><a href=\"http:\/\/lattes.cnpq.br\/2352567866641388\" data-type=\"URL\" data-id=\"http:\/\/lattes.cnpq.br\/2352567866641388\">http:\/\/lattes.cnpq.br\/2352567866641388<\/a><\/li><li>Redes sociais:<strong> <a href=\"https:\/\/www.facebook.com\/elione.martins.73\">https:\/\/www.facebook.com\/elione.martins.73<\/a>, @elionend; elione3138<\/strong><\/li><li>Participa\u00e7\u00e3o:<strong> Conferencista<\/strong><\/li><li>Mesa Redonda Nacional:<strong> <\/strong><em><strong>\u201cPol\u00edticas P\u00fablicas de Educa\u00e7\u00e3o no Cen\u00e1rio da Pandemia COVID-19: reflex\u00f5es e debates.&#8221;<\/strong><\/em><\/li><li>Data:<strong> 24\/09\/2021<\/strong><\/li><li>Hor\u00e1rio:<strong> 14h00<\/strong><\/li><\/ul>\n\n\n\n<p><\/p>\n","protected":false},"excerpt":{"rendered":"<p>Professora Associada II, do Centro de Educa\u00e7\u00e3o, da Universidade Federal de Alagoas, com atua\u00e7\u00e3o nos cursos de Licenciaturas. \u00c9 professora [&hellip;]<\/p>\n","protected":false},"author":2,"featured_media":1071,"comment_status":"open","ping_status":"open","sticky":false,"template":"","format":"standard","meta":{"site-sidebar-layout":"default","site-content-layout":"","ast-site-content-layout":"default","site-content-style":"default","site-sidebar-style":"default","ast-global-header-display":"","ast-banner-title-visibility":"","ast-main-header-display":"","ast-hfb-above-header-display":"","ast-hfb-below-header-display":"","ast-hfb-mobile-header-display":"","site-post-title":"","ast-breadcrumbs-content":"","ast-featured-img":"","footer-sml-layout":"","theme-transparent-header-meta":"","adv-header-id-meta":"","stick-header-meta":"","header-above-stick-meta":"","header-main-stick-meta":"","header-below-stick-meta":"","astra-migrate-meta-layouts":"default","ast-page-background-enabled":"default","ast-page-background-meta":{"desktop":{"background-color":"var(--ast-global-color-5)","background-image":"","background-repeat":"repeat","background-position":"center center","background-size":"auto","background-attachment":"scroll","background-type":"","background-media":"","overlay-type":"","overlay-color":"","overlay-opacity":"","overlay-gradient":""},"tablet":{"background-color":"","background-image":"","background-repeat":"repeat","background-position":"center center","background-size":"auto","background-attachment":"scroll","background-type":"","background-media":"","overlay-type":"","overlay-color":"","overlay-opacity":"","overlay-gradient":""},"mobile":{"background-color":"","background-image":"","background-repeat":"repeat","background-position":"center center","background-size":"auto","background-attachment":"scroll","background-type":"","background-media":"","overlay-type":"","overlay-color":"","overlay-opacity":"","overlay-gradient":""}},"ast-content-background-meta":{"desktop":{"background-color":"var(--ast-global-color-4)","background-image":"","background-repeat":"repeat","background-position":"center center","background-size":"auto","background-attachment":"scroll","background-type":"","background-media":"","overlay-type":"","overlay-color":"","overlay-opacity":"","overlay-gradient":""},"tablet":{"background-color":"var(--ast-global-color-4)","background-image":"","background-repeat":"repeat","background-position":"center center","background-size":"auto","background-attachment":"scroll","background-type":"","background-media":"","overlay-type":"","overlay-color":"","overlay-opacity":"","overlay-gradient":""},"mobile":{"background-color":"var(--ast-global-color-4)","background-image":"","background-repeat":"repeat","background-position":"center center","background-size":"auto","background-attachment":"scroll","background-type":"","background-media":"","overlay-type":"","overlay-color":"","overlay-opacity":"","overlay-gradient":""}},"footnotes":""},"categories":[4],"tags":[35,90,119,121,184],"class_list":["post-1069","post","type-post","status-publish","format-standard","has-post-thumbnail","hentry","category-conferencista","tag-24-09-2021-tarde","tag-conferencista-educon2021","tag-educon2021","tag-elione-maria-nogueira-diogenes","tag-mesa-redonda-nacional"],"_links":{"self":[{"href":"https:\/\/coloquioeducon.com\/xvii\/wp-json\/wp\/v2\/posts\/1069","targetHints":{"allow":["GET"]}}],"collection":[{"href":"https:\/\/coloquioeducon.com\/xvii\/wp-json\/wp\/v2\/posts"}],"about":[{"href":"https:\/\/coloquioeducon.com\/xvii\/wp-json\/wp\/v2\/types\/post"}],"author":[{"embeddable":true,"href":"https:\/\/coloquioeducon.com\/xvii\/wp-json\/wp\/v2\/users\/2"}],"replies":[{"embeddable":true,"href":"https:\/\/coloquioeducon.com\/xvii\/wp-json\/wp\/v2\/comments?post=1069"}],"version-history":[{"count":0,"href":"https:\/\/coloquioeducon.com\/xvii\/wp-json\/wp\/v2\/posts\/1069\/revisions"}],"wp:featuredmedia":[{"embeddable":true,"href":"https:\/\/coloquioeducon.com\/xvii\/wp-json\/wp\/v2\/media\/1071"}],"wp:attachment":[{"href":"https:\/\/coloquioeducon.com\/xvii\/wp-json\/wp\/v2\/media?parent=1069"}],"wp:term":[{"taxonomy":"category","embeddable":true,"href":"https:\/\/coloquioeducon.com\/xvii\/wp-json\/wp\/v2\/categories?post=1069"},{"taxonomy":"post_tag","embeddable":true,"href":"https:\/\/coloquioeducon.com\/xvii\/wp-json\/wp\/v2\/tags?post=1069"}],"curies":[{"name":"wp","href":"https:\/\/api.w.org\/{rel}","templated":true}]}}