{"id":1063,"date":"2021-05-31T21:50:07","date_gmt":"2021-06-01T00:50:07","guid":{"rendered":"https:\/\/coloquioeducon.com\/xv\/?p=1063"},"modified":"2021-05-31T21:50:07","modified_gmt":"2021-06-01T00:50:07","slug":"andressa-mafezoni-caetano","status":"publish","type":"post","link":"https:\/\/coloquioeducon.com\/xvii\/2021\/05\/31\/andressa-mafezoni-caetano\/","title":{"rendered":"Andressa Mafezoni Caetano"},"content":{"rendered":"\n<figure class=\"wp-block-pullquote\"><blockquote><p>Professora do Curso de Pedagogia, Licenciaturas e do Programa de P\u00f3s-gradua\u00e7\u00e3o do Mestrado Profissional em Educa\u00e7\u00e3o do Centro de Educa\u00e7\u00e3o da Universidade Federal do Esp\u00edrito Santo. L\u00edder do Grupo de Estudos e Pesquisas, Inclus\u00e3o Escolar e Processos de Ensino Aprendizagem (Gepipea\/Ufes\/CNPq). Membro do Grupo de Pesquisa Forma\u00e7\u00e3o, Pesquisa a\u00e7\u00e3o e Gest\u00e3o da Educa\u00e7\u00e3o Especial (Grufopees\/Ufes\/CNPq). Membro do N\u00facleo de Ensino, Pesquisa e Extens\u00e3o em Educa\u00e7\u00e3o Especial (Neesp\/Ufes).<\/p><\/blockquote><\/figure>\n\n\n\n<ul class=\"wp-block-list\"><li>Pa\u00eds: <strong>Brasil<\/strong><\/li><li>Institui\u00e7\u00e3o:<strong> Universidade Federal do Esp\u00edrito Santo<\/strong><\/li><li>Orcid: <a href=\"http:\/\/orcid.org\/0000-0003-0944-2596\">http:\/\/orcid.org\/0000-0003-0944-2596<\/a><\/li><li>Lattes:<strong> <\/strong><a href=\"http:\/\/lattes.cnpq.br\/3568062062898469\">http:\/\/lattes.cnpq.br\/3568062062898469<\/a><\/li><li>Participa\u00e7\u00e3o:<strong> Conferencista<\/strong><\/li><li>Mesa Redonda Nacional:<strong> <em>\u201cInclus\u00e3o escolar: dilemas e perspectivas\u201d<\/em><\/strong><\/li><li>Data:<strong> 23\/09\/2021<\/strong><\/li><li>Hor\u00e1rio:<strong> 14h00<\/strong><\/li><\/ul>\n\n\n\n<p><\/p>\n","protected":false},"excerpt":{"rendered":"<p>Professora do Curso de Pedagogia, Licenciaturas e do Programa de P\u00f3s-gradua\u00e7\u00e3o do Mestrado Profissional em Educa\u00e7\u00e3o do Centro de Educa\u00e7\u00e3o [&hellip;]<\/p>\n","protected":false},"author":2,"featured_media":1064,"comment_status":"open","ping_status":"open","sticky":false,"template":"","format":"standard","meta":{"site-sidebar-layout":"default","site-content-layout":"","ast-site-content-layout":"default","site-content-style":"default","site-sidebar-style":"default","ast-global-header-display":"","ast-banner-title-visibility":"","ast-main-header-display":"","ast-hfb-above-header-display":"","ast-hfb-below-header-display":"","ast-hfb-mobile-header-display":"","site-post-title":"","ast-breadcrumbs-content":"","ast-featured-img":"","footer-sml-layout":"","theme-transparent-header-meta":"","adv-header-id-meta":"","stick-header-meta":"","header-above-stick-meta":"","header-main-stick-meta":"","header-below-stick-meta":"","astra-migrate-meta-layouts":"default","ast-page-background-enabled":"default","ast-page-background-meta":{"desktop":{"background-color":"var(--ast-global-color-5)","background-image":"","background-repeat":"repeat","background-position":"center center","background-size":"auto","background-attachment":"scroll","background-type":"","background-media":"","overlay-type":"","overlay-color":"","overlay-opacity":"","overlay-gradient":""},"tablet":{"background-color":"","background-image":"","background-repeat":"repeat","background-position":"center center","background-size":"auto","background-attachment":"scroll","background-type":"","background-media":"","overlay-type":"","overlay-color":"","overlay-opacity":"","overlay-gradient":""},"mobile":{"background-color":"","background-image":"","background-repeat":"repeat","background-position":"center center","background-size":"auto","background-attachment":"scroll","background-type":"","background-media":"","overlay-type":"","overlay-color":"","overlay-opacity":"","overlay-gradient":""}},"ast-content-background-meta":{"desktop":{"background-color":"var(--ast-global-color-4)","background-image":"","background-repeat":"repeat","background-position":"center center","background-size":"auto","background-attachment":"scroll","background-type":"","background-media":"","overlay-type":"","overlay-color":"","overlay-opacity":"","overlay-gradient":""},"tablet":{"background-color":"var(--ast-global-color-4)","background-image":"","background-repeat":"repeat","background-position":"center center","background-size":"auto","background-attachment":"scroll","background-type":"","background-media":"","overlay-type":"","overlay-color":"","overlay-opacity":"","overlay-gradient":""},"mobile":{"background-color":"var(--ast-global-color-4)","background-image":"","background-repeat":"repeat","background-position":"center center","background-size":"auto","background-attachment":"scroll","background-type":"","background-media":"","overlay-type":"","overlay-color":"","overlay-opacity":"","overlay-gradient":""}},"footnotes":""},"categories":[4],"tags":[29,61,90,119,184],"class_list":["post-1063","post","type-post","status-publish","format-standard","has-post-thumbnail","hentry","category-conferencista","tag-23-09-2021-tarde","tag-andressa-mafezoni-caetano","tag-conferencista-educon2021","tag-educon2021","tag-mesa-redonda-nacional"],"_links":{"self":[{"href":"https:\/\/coloquioeducon.com\/xvii\/wp-json\/wp\/v2\/posts\/1063","targetHints":{"allow":["GET"]}}],"collection":[{"href":"https:\/\/coloquioeducon.com\/xvii\/wp-json\/wp\/v2\/posts"}],"about":[{"href":"https:\/\/coloquioeducon.com\/xvii\/wp-json\/wp\/v2\/types\/post"}],"author":[{"embeddable":true,"href":"https:\/\/coloquioeducon.com\/xvii\/wp-json\/wp\/v2\/users\/2"}],"replies":[{"embeddable":true,"href":"https:\/\/coloquioeducon.com\/xvii\/wp-json\/wp\/v2\/comments?post=1063"}],"version-history":[{"count":0,"href":"https:\/\/coloquioeducon.com\/xvii\/wp-json\/wp\/v2\/posts\/1063\/revisions"}],"wp:featuredmedia":[{"embeddable":true,"href":"https:\/\/coloquioeducon.com\/xvii\/wp-json\/wp\/v2\/media\/1064"}],"wp:attachment":[{"href":"https:\/\/coloquioeducon.com\/xvii\/wp-json\/wp\/v2\/media?parent=1063"}],"wp:term":[{"taxonomy":"category","embeddable":true,"href":"https:\/\/coloquioeducon.com\/xvii\/wp-json\/wp\/v2\/categories?post=1063"},{"taxonomy":"post_tag","embeddable":true,"href":"https:\/\/coloquioeducon.com\/xvii\/wp-json\/wp\/v2\/tags?post=1063"}],"curies":[{"name":"wp","href":"https:\/\/api.w.org\/{rel}","templated":true}]}}