{"id":1062,"date":"2021-05-31T21:50:25","date_gmt":"2021-06-01T00:50:25","guid":{"rendered":"https:\/\/coloquioeducon.com\/xv\/?p=1062"},"modified":"2021-05-31T21:50:25","modified_gmt":"2021-06-01T00:50:25","slug":"daniele-dos-santos-lima","status":"publish","type":"post","link":"https:\/\/coloquioeducon.com\/xvii\/2021\/05\/31\/daniele-dos-santos-lima\/","title":{"rendered":"Daniele dos Santos Lima"},"content":{"rendered":"\n<figure class=\"wp-block-pullquote\"><blockquote><p>Possui Mestrado em Estudos Interdisciplinares sobre Mulheres, G\u00eanero e Feminismo pelo PPGNEIM-UFBA (2020), p\u00f3s-gradua\u00e7\u00e3o em Psicopedagogia pela UNIFACS (2015), gradua\u00e7\u00e3o em Pedagogia pela Universidade do Estado da Bahia (UNEB &#8211; 2010) e gradua\u00e7\u00e3o em Letras Vern\u00e1culas pela Universidade Federal da Bahia (UFBA &#8211; 2008). Atualmente mant\u00e9m a posi\u00e7\u00e3o de pedagoga na Escola Polit\u00e9cnica da Universidade Federal da Bahia (EPUFBA) e de Assessora Pedag\u00f3gica na Assessoria Pedag\u00f3gica ao Docente UFBA (APDU).<\/p><\/blockquote><\/figure>\n\n\n\n<ul class=\"wp-block-list\"><li>Pa\u00eds: <strong>Brasil<\/strong><\/li><li>Institui\u00e7\u00e3o:<strong> Universidade Federal da Bahia<\/strong><\/li><li>Lattes:<strong> <\/strong><a href=\"http:\/\/lattes.cnpq.br\/5049489422131358\">http:\/\/lattes.cnpq.br\/5049489422131358<\/a><\/li><li>Redes sociais:<strong> Instagram: @dani.santos26_<\/strong><\/li><li>Participa\u00e7\u00e3o:<strong> Relatora de Experi\u00eancia<\/strong><\/li><li>Mesa Redonda Nacional:<strong> <em>\u201cEduca\u00e7\u00e3o Superior, assessoria pedag\u00f3gica Digital e Inova\u00e7\u00e3o.<\/em><\/strong><strong><em>\u201d<\/em><\/strong><\/li><li>Data:<strong> 23\/09\/2021<\/strong><\/li><li>Hor\u00e1rio:<strong> 15h30<\/strong><\/li><\/ul>\n\n\n\n<p><\/p>\n","protected":false},"excerpt":{"rendered":"<p>Possui Mestrado em Estudos Interdisciplinares sobre Mulheres, G\u00eanero e Feminismo pelo PPGNEIM-UFBA (2020), p\u00f3s-gradua\u00e7\u00e3o em Psicopedagogia pela UNIFACS (2015), gradua\u00e7\u00e3o [&hellip;]<\/p>\n","protected":false},"author":2,"featured_media":1065,"comment_status":"open","ping_status":"open","sticky":false,"template":"","format":"standard","meta":{"site-sidebar-layout":"default","site-content-layout":"","ast-site-content-layout":"default","site-content-style":"default","site-sidebar-style":"default","ast-global-header-display":"","ast-banner-title-visibility":"","ast-main-header-display":"","ast-hfb-above-header-display":"","ast-hfb-below-header-display":"","ast-hfb-mobile-header-display":"","site-post-title":"","ast-breadcrumbs-content":"","ast-featured-img":"","footer-sml-layout":"","theme-transparent-header-meta":"","adv-header-id-meta":"","stick-header-meta":"","header-above-stick-meta":"","header-main-stick-meta":"","header-below-stick-meta":"","astra-migrate-meta-layouts":"default","ast-page-background-enabled":"default","ast-page-background-meta":{"desktop":{"background-color":"var(--ast-global-color-5)","background-image":"","background-repeat":"repeat","background-position":"center center","background-size":"auto","background-attachment":"scroll","background-type":"","background-media":"","overlay-type":"","overlay-color":"","overlay-opacity":"","overlay-gradient":""},"tablet":{"background-color":"","background-image":"","background-repeat":"repeat","background-position":"center center","background-size":"auto","background-attachment":"scroll","background-type":"","background-media":"","overlay-type":"","overlay-color":"","overlay-opacity":"","overlay-gradient":""},"mobile":{"background-color":"","background-image":"","background-repeat":"repeat","background-position":"center center","background-size":"auto","background-attachment":"scroll","background-type":"","background-media":"","overlay-type":"","overlay-color":"","overlay-opacity":"","overlay-gradient":""}},"ast-content-background-meta":{"desktop":{"background-color":"var(--ast-global-color-4)","background-image":"","background-repeat":"repeat","background-position":"center center","background-size":"auto","background-attachment":"scroll","background-type":"","background-media":"","overlay-type":"","overlay-color":"","overlay-opacity":"","overlay-gradient":""},"tablet":{"background-color":"var(--ast-global-color-4)","background-image":"","background-repeat":"repeat","background-position":"center center","background-size":"auto","background-attachment":"scroll","background-type":"","background-media":"","overlay-type":"","overlay-color":"","overlay-opacity":"","overlay-gradient":""},"mobile":{"background-color":"var(--ast-global-color-4)","background-image":"","background-repeat":"repeat","background-position":"center center","background-size":"auto","background-attachment":"scroll","background-type":"","background-media":"","overlay-type":"","overlay-color":"","overlay-opacity":"","overlay-gradient":""}},"footnotes":""},"categories":[4],"tags":[33,90,99,119,184],"class_list":["post-1062","post","type-post","status-publish","format-standard","has-post-thumbnail","hentry","category-conferencista","tag-23-9-2021-tarde","tag-conferencista-educon2021","tag-daniele-dos-santos-lima","tag-educon2021","tag-mesa-redonda-nacional"],"_links":{"self":[{"href":"https:\/\/coloquioeducon.com\/xvii\/wp-json\/wp\/v2\/posts\/1062","targetHints":{"allow":["GET"]}}],"collection":[{"href":"https:\/\/coloquioeducon.com\/xvii\/wp-json\/wp\/v2\/posts"}],"about":[{"href":"https:\/\/coloquioeducon.com\/xvii\/wp-json\/wp\/v2\/types\/post"}],"author":[{"embeddable":true,"href":"https:\/\/coloquioeducon.com\/xvii\/wp-json\/wp\/v2\/users\/2"}],"replies":[{"embeddable":true,"href":"https:\/\/coloquioeducon.com\/xvii\/wp-json\/wp\/v2\/comments?post=1062"}],"version-history":[{"count":0,"href":"https:\/\/coloquioeducon.com\/xvii\/wp-json\/wp\/v2\/posts\/1062\/revisions"}],"wp:featuredmedia":[{"embeddable":true,"href":"https:\/\/coloquioeducon.com\/xvii\/wp-json\/wp\/v2\/media\/1065"}],"wp:attachment":[{"href":"https:\/\/coloquioeducon.com\/xvii\/wp-json\/wp\/v2\/media?parent=1062"}],"wp:term":[{"taxonomy":"category","embeddable":true,"href":"https:\/\/coloquioeducon.com\/xvii\/wp-json\/wp\/v2\/categories?post=1062"},{"taxonomy":"post_tag","embeddable":true,"href":"https:\/\/coloquioeducon.com\/xvii\/wp-json\/wp\/v2\/tags?post=1062"}],"curies":[{"name":"wp","href":"https:\/\/api.w.org\/{rel}","templated":true}]}}