{"id":1049,"date":"2021-05-26T09:01:07","date_gmt":"2021-05-26T12:01:07","guid":{"rendered":"https:\/\/coloquioeducon.com\/xv\/?p=1049"},"modified":"2021-05-26T09:01:07","modified_gmt":"2021-05-26T12:01:07","slug":"adriana-demite-stephani","status":"publish","type":"post","link":"https:\/\/coloquioeducon.com\/xvii\/2021\/05\/26\/adriana-demite-stephani\/","title":{"rendered":"Adriana Demite Stephani"},"content":{"rendered":"\n<figure class=\"wp-block-pullquote\"><blockquote><p>Possui Licenciatura em Letras e Pedagogia. Especialista em L\u00edngua Portuguesa: M\u00e9todos e T\u00e9cnicas de Produ\u00e7\u00e3o de Textos. Mestrado e Doutorado em Literatura pela Universidade de Bras\u00edlia (UnB). Atualmente \u00e9 docente (Adjunto IV) dos Cursos de Pedagogia e Direito da Universidade Federal do Tocantins, em Arraias, e do Programa de P\u00f3s-gradua\u00e7\u00e3o em Letras da UFT\/Porto Nacional. Tem experi\u00eancia na \u00e1rea de Letras e Pedagogia com \u00eanfase em Ensino de L\u00edngua e Literatura e outras Artes. Coordenadora do Grupo de Pesquisa Literatura, Ensino e Recep\u00e7\u00e3o (LER), em parceria com docentes da UEG e UnB. Avaliadora do Inep\/MEC de cursos de Letras e Pedagogia.<\/p><\/blockquote><\/figure>\n\n\n\n<ul class=\"wp-block-list\"><li>Pa\u00eds: <strong>Brasil<\/strong><\/li><li>Institui\u00e7\u00e3o: <strong>Universidade Federal do Tocantins<\/strong><\/li><li>Orcid: <a href=\"http:\/\/orcid.org\/0000-0001-6622-7097\" data-type=\"URL\" data-id=\"http:\/\/orcid.org\/0000-0001-6622-7097\">http:\/\/orcid.org\/0000-0001-6622-7097<\/a><\/li><li>Lattes: <a href=\"http:\/\/lattes.cnpq.br\/0135333961864912\">http:\/\/lattes.cnpq.br\/0135333961864912<\/a><\/li><li>Participa\u00e7\u00e3o: <strong>Conferencista<\/strong><\/li><li>Mesa Redonda Nacional: <em>\u201c<strong>Linguagens, forma\u00e7\u00e3o humana e aprendizagem: entre as normas e a realidade em tempos de pandemia.<\/strong>\u201d<\/em><\/li><li>Data: <strong>23\/09\/2021<\/strong><\/li><li>Hor\u00e1rio: <strong>19h00<\/strong><\/li><\/ul>\n\n\n\n<p><\/p>\n","protected":false},"excerpt":{"rendered":"<p>Possui Licenciatura em Letras e Pedagogia. Especialista em L\u00edngua Portuguesa: M\u00e9todos e T\u00e9cnicas de Produ\u00e7\u00e3o de Textos. Mestrado e Doutorado [&hellip;]<\/p>\n","protected":false},"author":1,"featured_media":1050,"comment_status":"open","ping_status":"open","sticky":false,"template":"","format":"standard","meta":{"site-sidebar-layout":"default","site-content-layout":"","ast-site-content-layout":"default","site-content-style":"default","site-sidebar-style":"default","ast-global-header-display":"","ast-banner-title-visibility":"","ast-main-header-display":"","ast-hfb-above-header-display":"","ast-hfb-below-header-display":"","ast-hfb-mobile-header-display":"","site-post-title":"","ast-breadcrumbs-content":"","ast-featured-img":"","footer-sml-layout":"","theme-transparent-header-meta":"","adv-header-id-meta":"","stick-header-meta":"","header-above-stick-meta":"","header-main-stick-meta":"","header-below-stick-meta":"","astra-migrate-meta-layouts":"default","ast-page-background-enabled":"default","ast-page-background-meta":{"desktop":{"background-color":"var(--ast-global-color-5)","background-image":"","background-repeat":"repeat","background-position":"center center","background-size":"auto","background-attachment":"scroll","background-type":"","background-media":"","overlay-type":"","overlay-color":"","overlay-opacity":"","overlay-gradient":""},"tablet":{"background-color":"","background-image":"","background-repeat":"repeat","background-position":"center center","background-size":"auto","background-attachment":"scroll","background-type":"","background-media":"","overlay-type":"","overlay-color":"","overlay-opacity":"","overlay-gradient":""},"mobile":{"background-color":"","background-image":"","background-repeat":"repeat","background-position":"center center","background-size":"auto","background-attachment":"scroll","background-type":"","background-media":"","overlay-type":"","overlay-color":"","overlay-opacity":"","overlay-gradient":""}},"ast-content-background-meta":{"desktop":{"background-color":"var(--ast-global-color-4)","background-image":"","background-repeat":"repeat","background-position":"center center","background-size":"auto","background-attachment":"scroll","background-type":"","background-media":"","overlay-type":"","overlay-color":"","overlay-opacity":"","overlay-gradient":""},"tablet":{"background-color":"var(--ast-global-color-4)","background-image":"","background-repeat":"repeat","background-position":"center center","background-size":"auto","background-attachment":"scroll","background-type":"","background-media":"","overlay-type":"","overlay-color":"","overlay-opacity":"","overlay-gradient":""},"mobile":{"background-color":"var(--ast-global-color-4)","background-image":"","background-repeat":"repeat","background-position":"center center","background-size":"auto","background-attachment":"scroll","background-type":"","background-media":"","overlay-type":"","overlay-color":"","overlay-opacity":"","overlay-gradient":""}},"footnotes":""},"categories":[4],"tags":[32,48,90,119,184],"class_list":["post-1049","post","type-post","status-publish","format-standard","has-post-thumbnail","hentry","category-conferencista","tag-23-9-2021-noite","tag-adriana-demite-stephani","tag-conferencista-educon2021","tag-educon2021","tag-mesa-redonda-nacional"],"_links":{"self":[{"href":"https:\/\/coloquioeducon.com\/xvii\/wp-json\/wp\/v2\/posts\/1049","targetHints":{"allow":["GET"]}}],"collection":[{"href":"https:\/\/coloquioeducon.com\/xvii\/wp-json\/wp\/v2\/posts"}],"about":[{"href":"https:\/\/coloquioeducon.com\/xvii\/wp-json\/wp\/v2\/types\/post"}],"author":[{"embeddable":true,"href":"https:\/\/coloquioeducon.com\/xvii\/wp-json\/wp\/v2\/users\/1"}],"replies":[{"embeddable":true,"href":"https:\/\/coloquioeducon.com\/xvii\/wp-json\/wp\/v2\/comments?post=1049"}],"version-history":[{"count":0,"href":"https:\/\/coloquioeducon.com\/xvii\/wp-json\/wp\/v2\/posts\/1049\/revisions"}],"wp:featuredmedia":[{"embeddable":true,"href":"https:\/\/coloquioeducon.com\/xvii\/wp-json\/wp\/v2\/media\/1050"}],"wp:attachment":[{"href":"https:\/\/coloquioeducon.com\/xvii\/wp-json\/wp\/v2\/media?parent=1049"}],"wp:term":[{"taxonomy":"category","embeddable":true,"href":"https:\/\/coloquioeducon.com\/xvii\/wp-json\/wp\/v2\/categories?post=1049"},{"taxonomy":"post_tag","embeddable":true,"href":"https:\/\/coloquioeducon.com\/xvii\/wp-json\/wp\/v2\/tags?post=1049"}],"curies":[{"name":"wp","href":"https:\/\/api.w.org\/{rel}","templated":true}]}}